{"id":63692,"date":"2017-10-11T17:39:49","date_gmt":"2017-10-11T17:39:49","guid":{"rendered":"http:\/\/192.168.64.2\/fr\/index.php\/2017\/10\/11\/le-wali-du-tagant-exhorte-les-services-regionaux-a-rapprocher-ladministration-des-citoyens\/"},"modified":"2022-07-04T15:40:56","modified_gmt":"2022-07-04T15:40:56","slug":"le-wali-du-tagant-exhorte-les-services-regionaux-a-rapprocher-ladministration-des-citoyens","status":"publish","type":"post","link":"https:\/\/ami.mr\/fr\/archives\/63692","title":{"rendered":"Le wali du Tagant exhorte les services r\u00e9gionaux \u00e0 rapprocher l\u2019administration des citoyens"},"content":{"rendered":"<p>Le wali du Tagant, M. Diallo Amadou Samba, a tenu, mercredi dans les locaux de la wilaya, \u00e0 Tidjikdja, une r\u00e9union avec les responsables des services r\u00e9gionaux.<\/p>\n<p>Au cours de cette r\u00e9union, le wali a insist\u00e9 sur la n\u00e9cessit\u00e9 de rapprocher l\u2019administration du citoyen et d\u2019\u00e9valuer les prestations administratives afin d\u2019identifier les lacunes en vue de leur apporter les solutions appropri\u00e9es.<\/p>\n<p>Il a exhort\u00e9, notamment, au suivi des r\u00e9percussions n\u00e9gatives du d\u00e9ficit pluviom\u00e9trique de cette ann\u00e9e afin d\u2019intervenir \u00e0 temps opportun pour accompagner les citoyens.<\/p>\n<p>Le wali a \u00e9galement abord\u00e9 les pr\u00e9paratifs de la 7\u00e8me \u00e9dition du festival des villes anciennes dont la tenue est pr\u00e9vue cette ann\u00e9e dans la ville de Tichit, demandant \u00e0 tous de concourir \u00e0 sa r\u00e9ussite.<\/p>\n<p>La r\u00e9union s\u2019est d\u00e9roul\u00e9e en pr\u00e9sence du directeur de cabinet du wali et de ses conseillers.<\/p>\n","protected":false},"excerpt":{"rendered":"<p>Le wali du Tagant, M. Diallo Amadou Samba, a tenu, mercredi dans les locaux de la wilaya, \u00e0 Tidjikdja, une r\u00e9union avec les responsables des services r\u00e9gionaux.<\/p>\n<p>Au cours de cette r\u00e9union, le wali a insist\u00e9 sur la n\u00e9cessit\u00e9 de rapprocher l\u2019administratio<\/p>\n","protected":false},"author":1,"featured_media":0,"comment_status":"closed","ping_status":"closed","sticky":false,"template":"","format":"standard","meta":{"footnotes":""},"categories":[8672],"tags":[62747,63049],"class_list":["post-63692","post","type-post","status-publish","format-standard","hentry","category-8672","tag-s_bechire","tag-tidjikdja"],"_links":{"self":[{"href":"https:\/\/ami.mr\/fr\/wp-json\/wp\/v2\/posts\/63692","targetHints":{"allow":["GET"]}}],"collection":[{"href":"https:\/\/ami.mr\/fr\/wp-json\/wp\/v2\/posts"}],"about":[{"href":"https:\/\/ami.mr\/fr\/wp-json\/wp\/v2\/types\/post"}],"author":[{"embeddable":true,"href":"https:\/\/ami.mr\/fr\/wp-json\/wp\/v2\/users\/1"}],"replies":[{"embeddable":true,"href":"https:\/\/ami.mr\/fr\/wp-json\/wp\/v2\/comments?post=63692"}],"version-history":[{"count":1,"href":"https:\/\/ami.mr\/fr\/wp-json\/wp\/v2\/posts\/63692\/revisions"}],"predecessor-version":[{"id":158536,"href":"https:\/\/ami.mr\/fr\/wp-json\/wp\/v2\/posts\/63692\/revisions\/158536"}],"wp:attachment":[{"href":"https:\/\/ami.mr\/fr\/wp-json\/wp\/v2\/media?parent=63692"}],"wp:term":[{"taxonomy":"category","embeddable":true,"href":"https:\/\/ami.mr\/fr\/wp-json\/wp\/v2\/categories?post=63692"},{"taxonomy":"post_tag","embeddable":true,"href":"https:\/\/ami.mr\/fr\/wp-json\/wp\/v2\/tags?post=63692"}],"curies":[{"name":"wp","href":"https:\/\/api.w.org\/{rel}","templated":true}]}}