{"id":63247,"date":"2017-09-18T22:06:03","date_gmt":"2017-09-18T22:06:03","guid":{"rendered":"http:\/\/192.168.64.2\/fr\/index.php\/2017\/09\/18\/le-president-de-la-republique-recoit-la-procureure-de-la-cour-penale-internationale\/"},"modified":"2022-07-04T15:29:58","modified_gmt":"2022-07-04T15:29:58","slug":"le-president-de-la-republique-recoit-la-procureure-de-la-cour-penale-internationale","status":"publish","type":"post","link":"https:\/\/ami.mr\/fr\/archives\/63247","title":{"rendered":"Le Pr\u00e9sident de la R\u00e9publique re\u00e7oit la Procureure de la Cour p\u00e9nale internationale"},"content":{"rendered":"<p>Le Pr\u00e9sident de la R\u00e9publique, Monsieur Mohamed Ould Abdel Aziz, a re\u00e7u en audience lundi apr\u00e8s-midi \u00e0 New York Mme Fatou Bensouda, procureure de la Cour p\u00e9nale internationale en marge des travaux de la 72\u00e8me session de l\u2019Assembl\u00e9e g\u00e9n\u00e9rale des Nations Unies.<\/p>\n<p>La procureure de la Cour p\u00e9nale internationale a, \u00e0 l\u2019issue de l\u2019entrevue, fait la d\u00e9claration suivante :<\/p>\n<p>\u00ab j\u2019ai eu l\u2019honneur de rencontrer le Pr\u00e9sident de la R\u00e9publique Islamique de Mauritanie, Monsieur Mohamed Ould Abdel Aziz. J\u2019ai exprim\u00e9 \u00e0 son excellence notre reconnaissance et notre appr\u00e9ciation pour la Mauritanie et sa coop\u00e9ration constructive avec la Cour p\u00e9nale internationale. C\u2019est l\u00e0 en r\u00e9alit\u00e9 l\u2019objectif de la rencontre \u00bb.<\/p>\n<p>L\u2019audience s\u2019est d\u00e9roul\u00e9e en pr\u00e9sence du directeur de cabinet du Pr\u00e9sident de la R\u00e9publique, M. Ahmed Ould Bahia.<\/p>\n","protected":false},"excerpt":{"rendered":"<p>Le Pr\u00e9sident de la R\u00e9publique, Monsieur Mohamed Ould Abdel Aziz, a re\u00e7u en audience lundi apr\u00e8s-midi \u00e0 New York Mme Fatou Bensouda, procureure de la Cour p\u00e9nale internationale en marge des travaux de la 72\u00e8me session de l\u2019Assembl\u00e9e g\u00e9n\u00e9rale des Nations Un<\/p>\n","protected":false},"author":1,"featured_media":158092,"comment_status":"closed","ping_status":"closed","sticky":false,"template":"","format":"standard","meta":{"footnotes":""},"categories":[],"tags":[63991,62750,62566],"class_list":["post-63247","post","type-post","status-publish","format-standard","has-post-thumbnail","hentry","tag-activites-presidentielles","tag-munina","tag-new-york"],"_links":{"self":[{"href":"https:\/\/ami.mr\/fr\/wp-json\/wp\/v2\/posts\/63247","targetHints":{"allow":["GET"]}}],"collection":[{"href":"https:\/\/ami.mr\/fr\/wp-json\/wp\/v2\/posts"}],"about":[{"href":"https:\/\/ami.mr\/fr\/wp-json\/wp\/v2\/types\/post"}],"author":[{"embeddable":true,"href":"https:\/\/ami.mr\/fr\/wp-json\/wp\/v2\/users\/1"}],"replies":[{"embeddable":true,"href":"https:\/\/ami.mr\/fr\/wp-json\/wp\/v2\/comments?post=63247"}],"version-history":[{"count":1,"href":"https:\/\/ami.mr\/fr\/wp-json\/wp\/v2\/posts\/63247\/revisions"}],"predecessor-version":[{"id":158091,"href":"https:\/\/ami.mr\/fr\/wp-json\/wp\/v2\/posts\/63247\/revisions\/158091"}],"wp:featuredmedia":[{"embeddable":true,"href":"https:\/\/ami.mr\/fr\/wp-json\/wp\/v2\/media\/158092"}],"wp:attachment":[{"href":"https:\/\/ami.mr\/fr\/wp-json\/wp\/v2\/media?parent=63247"}],"wp:term":[{"taxonomy":"category","embeddable":true,"href":"https:\/\/ami.mr\/fr\/wp-json\/wp\/v2\/categories?post=63247"},{"taxonomy":"post_tag","embeddable":true,"href":"https:\/\/ami.mr\/fr\/wp-json\/wp\/v2\/tags?post=63247"}],"curies":[{"name":"wp","href":"https:\/\/api.w.org\/{rel}","templated":true}]}}