{"id":62600,"date":"2017-08-05T01:17:49","date_gmt":"2017-08-05T01:17:49","guid":{"rendered":"http:\/\/192.168.64.2\/fr\/index.php\/2017\/08\/05\/la-ceni-reaffirme-sa-neutralite-et-son-independance-vis-a-vis-de-tous-les-acteurs-politiques\/"},"modified":"2022-07-04T15:14:29","modified_gmt":"2022-07-04T15:14:29","slug":"la-ceni-reaffirme-sa-neutralite-et-son-independance-vis-a-vis-de-tous-les-acteurs-politiques","status":"publish","type":"post","link":"https:\/\/ami.mr\/fr\/archives\/62600","title":{"rendered":"La CENI r\u00e9affirme sa neutralit\u00e9 et son ind\u00e9pendance vis-a-vis de tous les acteurs politiques"},"content":{"rendered":"<p>La Commission nationale \u00e9lectorale ind\u00e9pendante (CENI) a r\u00e9affirm\u00e9 dans une d\u00e9claration rendue publique samedi et dont une copie est parvenue \u00e0 l&#8217;AMI, son ind\u00e9pendance et sa neutralit\u00e9 vis-a-vis de tous les acteurs politiques. Elle a bon espoir que le pr\u00e9sent scrutin sera l&#8217;occasion pour tous les acteurs concern\u00e9s de contribuer \u00e0 cr\u00e9er les conditions propices qui permettent aux \u00e9lecteurs d&#8217;exprimer librement leur choix. Voici le texte int\u00e9gral de cette d\u00e9claration :<\/p>\n<p>\u2018\u2019Demain, samedi 05 ao\u00fbt 2017, aura lieu le r\u00e9f\u00e9rendum sur deux projets de lois constitutionnelles portant r\u00e9vision de la Constitution du 20 juillet 1991.<br \/>\nComme pr\u00e9vu par la r\u00e9glementation \u00e9lectorale, le scrutin a \u00e9t\u00e9 pr\u00e9c\u00e9d\u00e9 d\u2019une campagne r\u00e9f\u00e9rendaire de deux semaines au cours de laquelle les acteurs politiques ont eu l\u2019occasion de s\u2019adresser aux \u00e9lecteurs pour promouvoir leurs id\u00e9es et expliquer leurs positions au sujet de cette consultation \u00e9lectorale.<br \/>\nEn conformit\u00e9 avec la mission qui lui est d\u00e9volue, la Commission \u00e9lectorale nationale ind\u00e9pendante a suivi le d\u00e9roulement de la campagne avec une grande attention. Elle n\u2019a pas manqu\u00e9, \u00e0 cet \u00e9gard, de recevoir des reproches de la part des diff\u00e9rentes parties prenantes, y compris des formations politiques ayant d\u00e9cid\u00e9 de boycotter le r\u00e9f\u00e9rendum, au sujet de cette campagne et du processus \u00e9lectoral en g\u00e9n\u00e9ral.<br \/>\nLa CENI tient \u00e0 souligner qu\u2019elle est l\u2019organe de gestion \u00e9lectorale qui dispose des attributions les plus larges dans la sous-r\u00e9gion, dans la mesure o\u00f9 elle g\u00e8re l\u2019ensemble de l\u2019op\u00e9ration \u00e9lectorale, de la phase de validation du fichier \u00e9lectoral jusqu\u2019\u00e0 la proclamation des r\u00e9sultats, comme le stipule la loi organique 2012- 027.<br \/>\nDans ce cadre, la CENI n\u2019a m\u00e9nag\u00e9 aucun effort pour assumer pleinement cette mission, en favorisant le dialogue et la concertation avec tous les acteurs de la vie politique.<br \/>\nElle a constamment appel\u00e9, dans les termes et les formes appropri\u00e9s, l\u2019ensemble des forces politiques impliqu\u00e9es dans les comp\u00e9titions \u00e9lectorales \u00e0 observer un code de bonne conduite et \u00e0 respecter les r\u00e8gles d\u2019une \u00e9mulation saine et loyale.<br \/>\n Il reste que la port\u00e9e de ces appels et leur effet sur le terrain d\u00e9pendent, pour une large part, de la disposition d\u2019esprit des uns et des autres et de leur volont\u00e9 sinc\u00e8re de respecter les r\u00e8gles du jeu d\u00e9mocratique.<br \/>\nEn tout \u00e9tat de cause, la CENI continuera \u00e0 assumer la responsabilit\u00e9 qui est la sienne, en toute ind\u00e9pendance et en toute neutralit\u00e9, sans entrer dans la controverse et sans se livrer \u00e0 la pol\u00e9mique.<br \/>\nElle a bon espoir que le pr\u00e9sent scrutin sera l\u2019occasion pour tous les acteurs concern\u00e9s de contribuer \u00e0 cr\u00e9er les conditions propices qui permettent aux \u00e9lecteurs d\u2019exprimer librement leur choix.<br \/>\nNouakchott, le 04 ao\u00fbt 2017<br \/>\nLa CENI\u2019\u2019<\/p>\n","protected":false},"excerpt":{"rendered":"<p>La Commission nationale \u00e9lectorale ind\u00e9pendante (CENI) a r\u00e9affirm\u00e9 dans une d\u00e9claration rendue publique samedi et dont une copie est parvenue \u00e0 l&#8217;AMI, son ind\u00e9pendance et sa neutralit\u00e9 vis-a-vis de tous les acteurs politiques<\/p>\n","protected":false},"author":1,"featured_media":157445,"comment_status":"closed","ping_status":"closed","sticky":false,"template":"","format":"standard","meta":{"footnotes":""},"categories":[],"tags":[63109,62476,63993],"class_list":["post-62600","post","type-post","status-publish","format-standard","has-post-thumbnail","hentry","tag-ahmedabd","tag-nouakchott","tag-politique"],"_links":{"self":[{"href":"https:\/\/ami.mr\/fr\/wp-json\/wp\/v2\/posts\/62600","targetHints":{"allow":["GET"]}}],"collection":[{"href":"https:\/\/ami.mr\/fr\/wp-json\/wp\/v2\/posts"}],"about":[{"href":"https:\/\/ami.mr\/fr\/wp-json\/wp\/v2\/types\/post"}],"author":[{"embeddable":true,"href":"https:\/\/ami.mr\/fr\/wp-json\/wp\/v2\/users\/1"}],"replies":[{"embeddable":true,"href":"https:\/\/ami.mr\/fr\/wp-json\/wp\/v2\/comments?post=62600"}],"version-history":[{"count":1,"href":"https:\/\/ami.mr\/fr\/wp-json\/wp\/v2\/posts\/62600\/revisions"}],"predecessor-version":[{"id":157444,"href":"https:\/\/ami.mr\/fr\/wp-json\/wp\/v2\/posts\/62600\/revisions\/157444"}],"wp:featuredmedia":[{"embeddable":true,"href":"https:\/\/ami.mr\/fr\/wp-json\/wp\/v2\/media\/157445"}],"wp:attachment":[{"href":"https:\/\/ami.mr\/fr\/wp-json\/wp\/v2\/media?parent=62600"}],"wp:term":[{"taxonomy":"category","embeddable":true,"href":"https:\/\/ami.mr\/fr\/wp-json\/wp\/v2\/categories?post=62600"},{"taxonomy":"post_tag","embeddable":true,"href":"https:\/\/ami.mr\/fr\/wp-json\/wp\/v2\/tags?post=62600"}],"curies":[{"name":"wp","href":"https:\/\/api.w.org\/{rel}","templated":true}]}}