{"id":62231,"date":"2017-07-18T21:05:43","date_gmt":"2017-07-18T21:05:43","guid":{"rendered":"http:\/\/192.168.64.2\/fr\/index.php\/2017\/07\/18\/lancement-de-la-semaine-de-lentrepreunariat-en-mauritanie-sous-le-theme-de-linnovation\/"},"modified":"2022-07-04T15:06:27","modified_gmt":"2022-07-04T15:06:27","slug":"lancement-de-la-semaine-de-lentrepreunariat-en-mauritanie-sous-le-theme-de-linnovation","status":"publish","type":"post","link":"https:\/\/ami.mr\/fr\/archives\/62231","title":{"rendered":"Lancement de la semaine de l\u2019entrepreunariat en Mauritanie sous le th\u00e8me de l\u2019innovation"},"content":{"rendered":"<p>La capitale a abrit\u00e9 mardi les travaux de la de la semaine de entrepreneuriat en Mauritanie sous le th\u00e8me de \u00ab l\u2019innovation et de l\u2019action en vue de la prosp\u00e9rit\u00e9 partag\u00e9e \u00bb organis\u00e9 par le minist\u00e8re de l\u2019\u00e9conomie et des finances avec la collaboration du Groupe de la Banque Mondiale (BM) et de la F\u00e9d\u00e9ration des services et professions lib\u00e9rales.<\/p>\n<p>Les travaux de ce mardi ont d\u00e9but\u00e9 avec une \u00e9tude financ\u00e9e par la BM sur l&#8217;entrepreneuriat des jeunes et sur le profit \u00e0 tirer des expertises des participants afin de d\u00e9terminer les besoins en la mati\u00e8re. la cl\u00f4ture sera marqu\u00e9e par la distribution de prix aux meilleurs 200 projets (PMI et PME) pr\u00e9sent\u00e9s par les jeunes entrepreneurs au cours des semaines \u00e9coul\u00e9es.<\/p>\n<p>Le ministre de l\u2019emploi, de la formation professionnelle et des TICs, M. Moctar Malal Dia a indiqu\u00e9 dans son allocution d\u2019ouverture que la probl\u00e9matique de l\u2019emploi int\u00e9resse d\u00e9sormais toutes les sph\u00e8res de d\u00e9cision relevant que cela s\u2019est concr\u00e9tis\u00e9 par le souci du Pr\u00e9sident de la R\u00e9publique de l\u2019inscrire dans les priorit\u00e9s eu \u00e9gard au besoin pressant de pallier au manque enregistr\u00e9 en mati\u00e8re de ressources humaines.<\/p>\n<p>La strat\u00e9gie de d\u00e9veloppement acc\u00e9l\u00e9r\u00e9 et prosp\u00e9rit\u00e9 partag\u00e9e a cr\u00e9\u00e9 des entreprises et des opportunit\u00e9s d\u2019emplois en plus d\u2019une haute capacit\u00e9 \u00e0 la concurrence apte \u00e0 cr\u00e9er une plus-value et de nature \u00e0 ouvrir largement la voie \u00e0 la participation des jeunes.<\/p>\n<p>La directrice r\u00e9gionale de la Banque Mondiale, Mme Louise Card a, pour sa part, indiqu\u00e9 que la probl\u00e9matique de l\u2019emploi et particuli\u00e8rement de l\u2019emploi des jeunes constitue une priorit\u00e9 strat\u00e9gique de d\u00e9veloppement au niveau de la sous-r\u00e9gion ; elle est au centre des enjeux d\u2019une croissance exclusive et de la stabilit\u00e9 des nations.<\/p>\n<p>Les petites et moyennes entreprises sont un gisement d\u2019emploi et une source fr\u00e9quente d\u2019innovation pour une \u00e9conomie dynamique, fait-elle remarquer.<\/p>\n<p>Elle a ajout\u00e9 que les \u00e9tudes strat\u00e9giques pour le d\u00e9veloppement du secteur priv\u00e9 ont montr\u00e9 un potentiel important et encore peu exploit\u00e9 de cr\u00e9ation d\u2019emplois et de richesses dans les secteurs productifs.<\/p>\n<p>Enfin, Mme Cord a exprim\u00e9 la disponibilit\u00e9 du Groupe de la Banque Mondiale et son engagement \u00e0 continuer sa pleine collaboration avec les autorit\u00e9s dans les domaines prioritaires du d\u00e9veloppement national.<\/p>\n<p>Le pr\u00e9sident de la f\u00e9d\u00e9ration des services et professions lib\u00e9rales M. Mohamed Ould El Waled, de son c\u00f4t\u00e9, s\u2019est dit d\u2019embl\u00e9e convaincu de la n\u00e9cessit\u00e9 d\u2019accompagner la jeunesse mauritanienne et de cr\u00e9er les cadres \u00e0 m\u00eame de d\u00e9velopper ses talents et de lui donner l\u2019opportunit\u00e9 d\u2019innover dans le domaine des affaires. Il a relev\u00e9 le r\u00f4le d\u2019avant-garde de la jeunesse dans le processus de d\u00e9veloppement ayant permis d\u2019accompagner et de soutenir bon nombre d\u2019initiatives de jeunes.<\/p>\n<p>La c\u00e9r\u00e9monie s\u2019est d\u00e9roul\u00e9e en pr\u00e9sence de la ministre du commerce, de l\u2019industrie et du tourisme, du pr\u00e9sident de l\u2019Autorit\u00e9 de la zone franche de Nouadhibou, du vice- pr\u00e9sident de la conf\u00e9d\u00e9ration nationale des employeurs de Mauritanie, du pr\u00e9sident de la chambre de commerce et de la pr\u00e9sidente de l\u2019Association RIM- TIC et d\u2019autres invit\u00e9s.<\/p>\n","protected":false},"excerpt":{"rendered":"<p>La capitale a abrit\u00e9 mardi les travaux de la de la semaine de entrepreneuriat en Mauritanie sous le th\u00e8me de \u00ab l\u2019innovation et de l\u2019action en vue de la prosp\u00e9rit\u00e9 partag\u00e9e \u00bb organis\u00e9 par le minist\u00e8re de l\u2019\u00e9conomie et des finances avec la collaboration du<\/p>\n","protected":false},"author":1,"featured_media":157075,"comment_status":"closed","ping_status":"closed","sticky":false,"template":"","format":"standard","meta":{"footnotes":""},"categories":[],"tags":[63990,62750,62476],"class_list":["post-62231","post","type-post","status-publish","format-standard","has-post-thumbnail","hentry","tag-activites-gouvernementales","tag-munina","tag-nouakchott"],"_links":{"self":[{"href":"https:\/\/ami.mr\/fr\/wp-json\/wp\/v2\/posts\/62231","targetHints":{"allow":["GET"]}}],"collection":[{"href":"https:\/\/ami.mr\/fr\/wp-json\/wp\/v2\/posts"}],"about":[{"href":"https:\/\/ami.mr\/fr\/wp-json\/wp\/v2\/types\/post"}],"author":[{"embeddable":true,"href":"https:\/\/ami.mr\/fr\/wp-json\/wp\/v2\/users\/1"}],"replies":[{"embeddable":true,"href":"https:\/\/ami.mr\/fr\/wp-json\/wp\/v2\/comments?post=62231"}],"version-history":[{"count":1,"href":"https:\/\/ami.mr\/fr\/wp-json\/wp\/v2\/posts\/62231\/revisions"}],"predecessor-version":[{"id":157074,"href":"https:\/\/ami.mr\/fr\/wp-json\/wp\/v2\/posts\/62231\/revisions\/157074"}],"wp:featuredmedia":[{"embeddable":true,"href":"https:\/\/ami.mr\/fr\/wp-json\/wp\/v2\/media\/157075"}],"wp:attachment":[{"href":"https:\/\/ami.mr\/fr\/wp-json\/wp\/v2\/media?parent=62231"}],"wp:term":[{"taxonomy":"category","embeddable":true,"href":"https:\/\/ami.mr\/fr\/wp-json\/wp\/v2\/categories?post=62231"},{"taxonomy":"post_tag","embeddable":true,"href":"https:\/\/ami.mr\/fr\/wp-json\/wp\/v2\/tags?post=62231"}],"curies":[{"name":"wp","href":"https:\/\/api.w.org\/{rel}","templated":true}]}}