{"id":60672,"date":"2017-05-08T20:13:09","date_gmt":"2017-05-08T20:13:09","guid":{"rendered":"http:\/\/192.168.64.2\/fr\/index.php\/2017\/05\/08\/ouverture-de-la-2eme-session-parlementaire-ordinaire-au-niveau-du-senat\/"},"modified":"2022-07-04T14:28:38","modified_gmt":"2022-07-04T14:28:38","slug":"ouverture-de-la-2eme-session-parlementaire-ordinaire-au-niveau-du-senat","status":"publish","type":"post","link":"https:\/\/ami.mr\/fr\/archives\/60672","title":{"rendered":"Ouverture de la 2\u00e8me session parlementaire ordinaire au niveau du S\u00e9nat"},"content":{"rendered":"<p>la deuxi\u00e8me session parlementaire ordinaire au niveau du S\u00e9nat a \u00e9t\u00e9 ouverte lundi apr\u00e8s- midi dans les locaux de la haute chambre.<\/p>\n<p>La c\u00e9r\u00e9monie d\u2019ouverture de la session a \u00e9t\u00e9 marqu\u00e9e par un discours du Pr\u00e9sident du S\u00e9nat, le s\u00e9nateur Mohamed El Hacen Ould Hadj dans lequel il a demand\u00e9 aux s\u00e9nateurs de continuer \u00e0 pers\u00e9v\u00e9rer dans la pr\u00e9sence aux travaux des commissions ainsi que des s\u00e9ances pl\u00e9ni\u00e8res afin d\u2019\u00e9tudier tous les textes qui leur serons soumis au cours de cette session.<\/p>\n<p>Voici le texte int\u00e9gral de cette allocution :<\/p>\n<p>\u00ab Messieurs les ministres;<\/p>\n<p>Messieurs les s\u00e9nateurs;<\/p>\n<p>A la suite du d\u00e9c\u00e8s de l\u2019ancien Pr\u00e9sident Ely Oud Mohamed Vall, j\u2019adresse, en votre nom \u00e0 tous, mes sinc\u00e8res condol\u00e9ances \u00e0 la famille du d\u00e9funt et \u00e0 l\u2019ensemble du peuple mauritanien ainsi qu\u2019\u00e0 ses forces arm\u00e9es et de s\u00e9curit\u00e9.<\/p>\n<p>Nous adressons \u00e9galement nos profondes condol\u00e9ances \u00e0 la famille de notre coll\u00e8gue Kane Ahmed Tidjane, s\u00e9nateur de la moughataa de Maghama qui est d\u00e9c\u00e9d\u00e9 au cours des vacances parlementaires et je vous invite \u00e0 lire la \u00ab Fatiha \u00bb \u00e0 leur m\u00e9moire tous les deux, implorant Allah Le Tout Puissant de les entourer de sa mis\u00e9ricorde et de le faire entrer dans son Saint Paradis (\u2026)<\/p>\n<p>Chers coll\u00e8gues s\u00e9nateurs,<\/p>\n<p>Je suis convaincu, alors que nous ouvrons notre deuxi\u00e8me session ordinaire parlementaire actuelle, que, comme vous nous avez toujours habitu\u00e9s, vous n\u2019\u00e9pargnerez aucun effort pour participer r\u00e9guli\u00e8rement aux travaux des commissions et des s\u00e9ances pl\u00e9ni\u00e8res pour \u00e9tudier les textes qui serons soumis \u00e0 cette chambre au cours de cette session.<\/p>\n<p>En application des dispositions de l\u2019article 52 de la Constitution et l\u2019article 2 du r\u00e8glement int\u00e9rieur du S\u00e9nat, je d\u00e9clare ouverte la deuxi\u00e8me session parlementaire ordinaire 2016 -2017 au niveau du S\u00e9nat.<\/p>\n<p>La c\u00e9r\u00e9monie d\u2019ouverture de cette session s\u2019est d\u00e9roul\u00e9e en pr\u00e9sence de plusieurs membres du gouvernement.<\/p>\n","protected":false},"excerpt":{"rendered":"<p>la deuxi\u00e8me session parlementaire ordinaire au niveau du S\u00e9nat a \u00e9t\u00e9 ouverte lundi apr\u00e8s- midi dans les locaux de la haute chambre.<\/p>\n<p>La c\u00e9r\u00e9monie d\u2019ouverture de la session a \u00e9t\u00e9<\/p>\n","protected":false},"author":1,"featured_media":155516,"comment_status":"closed","ping_status":"closed","sticky":false,"template":"","format":"standard","meta":{"footnotes":""},"categories":[],"tags":[63963,62749,62476,62747],"class_list":["post-60672","post","type-post","status-publish","format-standard","has-post-thumbnail","hentry","tag-activites-parlementaires","tag-nena","tag-nouakchott","tag-s_bechire"],"_links":{"self":[{"href":"https:\/\/ami.mr\/fr\/wp-json\/wp\/v2\/posts\/60672","targetHints":{"allow":["GET"]}}],"collection":[{"href":"https:\/\/ami.mr\/fr\/wp-json\/wp\/v2\/posts"}],"about":[{"href":"https:\/\/ami.mr\/fr\/wp-json\/wp\/v2\/types\/post"}],"author":[{"embeddable":true,"href":"https:\/\/ami.mr\/fr\/wp-json\/wp\/v2\/users\/1"}],"replies":[{"embeddable":true,"href":"https:\/\/ami.mr\/fr\/wp-json\/wp\/v2\/comments?post=60672"}],"version-history":[{"count":1,"href":"https:\/\/ami.mr\/fr\/wp-json\/wp\/v2\/posts\/60672\/revisions"}],"predecessor-version":[{"id":155515,"href":"https:\/\/ami.mr\/fr\/wp-json\/wp\/v2\/posts\/60672\/revisions\/155515"}],"wp:featuredmedia":[{"embeddable":true,"href":"https:\/\/ami.mr\/fr\/wp-json\/wp\/v2\/media\/155516"}],"wp:attachment":[{"href":"https:\/\/ami.mr\/fr\/wp-json\/wp\/v2\/media?parent=60672"}],"wp:term":[{"taxonomy":"category","embeddable":true,"href":"https:\/\/ami.mr\/fr\/wp-json\/wp\/v2\/categories?post=60672"},{"taxonomy":"post_tag","embeddable":true,"href":"https:\/\/ami.mr\/fr\/wp-json\/wp\/v2\/tags?post=60672"}],"curies":[{"name":"wp","href":"https:\/\/api.w.org\/{rel}","templated":true}]}}