{"id":60670,"date":"2017-05-08T19:58:39","date_gmt":"2017-05-08T19:58:39","guid":{"rendered":"http:\/\/192.168.64.2\/fr\/index.php\/2017\/05\/08\/organisation-dun-seminaire-regional-de-la-zone-afrique-de-louest-sur-le-renforcement-de-la-gestion-et-du-controle-des-exonerations\/"},"modified":"2022-07-04T14:28:35","modified_gmt":"2022-07-04T14:28:35","slug":"organisation-dun-seminaire-regional-de-la-zone-afrique-de-louest-sur-le-renforcement-de-la-gestion-et-du-controle-des-exonerations","status":"publish","type":"post","link":"https:\/\/ami.mr\/fr\/archives\/60670","title":{"rendered":"Organisation d\u2019un s\u00e9minaire r\u00e9gional de la zone Afrique de l&#8217;Ouest sur le renforcement de la gestion et du contr\u00f4le des exon\u00e9rations"},"content":{"rendered":"<p>Les travaux du s\u00e9minaire r\u00e9gional de la zone Afrique de l&#8217;Ouest, organis\u00e9 par le minist\u00e8re de l&#8217;\u00e9conomie et des finances en partenariat avec le FMI, \u00e0 travers son centre r\u00e9gional en Afrique de l\u2019Ouest sur le th\u00e8me \u00ab renforcer la gestion et le contr\u00f4le des exon\u00e9rations \u00bb, ont \u00e9t\u00e9 ouverts lundi \u00e0 Nouakchott.<\/p>\n<p>Le ministre de l&#8217;\u00e9conomie et des finances, M. Moctar Ould Diay, a rappel\u00e9 \u00e0 l\u2019ouverture de ce s\u00e9minaire ax\u00e9 sur l\u2019\u00e9change d&#8217;expertise et d&#8217;exp\u00e9riences entre les diff\u00e9rents acteurs des divers syst\u00e8mes d&#8217;exon\u00e9rations douani\u00e8res, l\u2019adoption, depuis des ann\u00e9es, par la direction g\u00e9n\u00e9rale des douanes d\u2019un ambitieux programme de r\u00e9formes et de modernisation, visant \u00e0 renforcer ses capacit\u00e9s dans des domaines vitaux et essentiels \u00e0 la bonne ex\u00e9cution de ses missions.<\/p>\n<p>\u00ab L\u2019acc\u00e9l\u00e9ration qui caract\u00e9rise le commerce mondial, a contraint les douanes \u00e0 accompagner les d\u00e9veloppements, \u00e0 travers les syst\u00e8mes adopt\u00e9s par l&#8217;Organisation Mondiale du Commerce et l&#8217;Organisation Mondiale des Douanes, afin d\u2019assurer la fluidit\u00e9 du commerce international \u00bb, a-t-il ajout\u00e9.<\/p>\n<p>\u00ab Les douanes de notre r\u00e9gion sont confront\u00e9es \u00e0 une difficile \u00e9quation, portant sur la n\u00e9cessit\u00e9 d\u2019assouplir les \u00e9changes commerciaux, en simplifiant les formalit\u00e9s douani\u00e8res et en favorisant une hausse des recettes douani\u00e8res , qui constituent la base des budgets de nos \u00c9tats \u00bb, a-t-il conclu.<\/p>\n<p>Le s\u00e9minaire s\u2019est d\u00e9roul\u00e9 en pr\u00e9sence du Directeur g\u00e9n\u00e9ral des douanes, le G\u00e9n\u00e9ral de division Dah Ould El Mamy et de plusieurs repr\u00e9sentants d&#8217;institutions et organismes internationaux, participant \u00e0 cette rencontre.<\/p>\n","protected":false},"excerpt":{"rendered":"<p>Les travaux du s\u00e9minaire r\u00e9gional de la zone Afrique de l&#8217;Ouest, organis\u00e9 par le minist\u00e8re de l&#8217;\u00e9conomie et des finances en partenariat avec le FMI, \u00e0 travers son centre r\u00e9gional en Afrique de l\u2019Ouest sur le th\u00e8me \u00ab renforcer la gestion et le contr\u00f4le des<\/p>\n","protected":false},"author":1,"featured_media":155514,"comment_status":"closed","ping_status":"closed","sticky":false,"template":"","format":"standard","meta":{"footnotes":""},"categories":[],"tags":[63990,62749,62476,62747],"class_list":["post-60670","post","type-post","status-publish","format-standard","has-post-thumbnail","hentry","tag-activites-gouvernementales","tag-nena","tag-nouakchott","tag-s_bechire"],"_links":{"self":[{"href":"https:\/\/ami.mr\/fr\/wp-json\/wp\/v2\/posts\/60670","targetHints":{"allow":["GET"]}}],"collection":[{"href":"https:\/\/ami.mr\/fr\/wp-json\/wp\/v2\/posts"}],"about":[{"href":"https:\/\/ami.mr\/fr\/wp-json\/wp\/v2\/types\/post"}],"author":[{"embeddable":true,"href":"https:\/\/ami.mr\/fr\/wp-json\/wp\/v2\/users\/1"}],"replies":[{"embeddable":true,"href":"https:\/\/ami.mr\/fr\/wp-json\/wp\/v2\/comments?post=60670"}],"version-history":[{"count":1,"href":"https:\/\/ami.mr\/fr\/wp-json\/wp\/v2\/posts\/60670\/revisions"}],"predecessor-version":[{"id":155513,"href":"https:\/\/ami.mr\/fr\/wp-json\/wp\/v2\/posts\/60670\/revisions\/155513"}],"wp:featuredmedia":[{"embeddable":true,"href":"https:\/\/ami.mr\/fr\/wp-json\/wp\/v2\/media\/155514"}],"wp:attachment":[{"href":"https:\/\/ami.mr\/fr\/wp-json\/wp\/v2\/media?parent=60670"}],"wp:term":[{"taxonomy":"category","embeddable":true,"href":"https:\/\/ami.mr\/fr\/wp-json\/wp\/v2\/categories?post=60670"},{"taxonomy":"post_tag","embeddable":true,"href":"https:\/\/ami.mr\/fr\/wp-json\/wp\/v2\/tags?post=60670"}],"curies":[{"name":"wp","href":"https:\/\/api.w.org\/{rel}","templated":true}]}}