{"id":60666,"date":"2017-05-08T18:54:54","date_gmt":"2017-05-08T18:54:54","guid":{"rendered":"http:\/\/192.168.64.2\/fr\/index.php\/2017\/05\/08\/ouverture-de-la-2eme-session-parlementaire-ordinaire-au-niveau-de-lassemblee-nationale-2\/"},"modified":"2022-07-04T14:28:28","modified_gmt":"2022-07-04T14:28:28","slug":"ouverture-de-la-2eme-session-parlementaire-ordinaire-au-niveau-de-lassemblee-nationale-2","status":"publish","type":"post","link":"https:\/\/ami.mr\/fr\/archives\/60666","title":{"rendered":"Ouverture de la 2\u00e8me session parlementaire ordinaire au niveau de l\u2019Assembl\u00e9e nationale"},"content":{"rendered":"<p>La deuxi\u00e8me session parlementaire ordinaire 2016 &#8211; 2017 au niveau de l\u2019Assembl\u00e9e nationale a \u00e9t\u00e9 ouverte lundi apr\u00e8s- midi dans les locaux de cette chambre.<\/p>\n<p>A cette occasion, le Pr\u00e9sident de cette Assembl\u00e9e M. Mohamed Ould Boilil a demand\u00e9 aux d\u00e9put\u00e9s et membres du gouvernement pr\u00e9sents de lire la &#8220;Fatiha&#8221; \u00e0 la m\u00e9moire des d\u00e9funts, Feu l&#8217;ancien Chef de l&#8217;Etat, Ely Ould Mohamed Vall et aux coll\u00e8gues d\u00e9put\u00e9s Feu Mohamed Ould Saleck Ould Hjour et Feu Mohamed Abdallahi Ould Guelaye qui viennent de nous quitter. Qu&#8217;Allah les accueille dans son Saint Paradis.<\/p>\n<p>Par la suite, le pr\u00e9sident de l&#8217;Assembl\u00e9e nationale a prononc\u00e9 une allocution dans laquelle il a exhort\u00e9 les d\u00e9put\u00e9s \u00e0 poursuivre le s\u00e9rieux, la responsabilit\u00e9 et la pers\u00e9v\u00e9rance dans leur mission caract\u00e9ris\u00e9e par la pr\u00e9sence et la participation active aux r\u00e9unions des commissions ainsi qu\u2019aux s\u00e9ances pl\u00e9ni\u00e8res.<\/p>\n<p>Voici le texte int\u00e9gral de cette allocution :<\/p>\n<p>\u00ab Messieurs les ministres ;<\/p>\n<p>Coll\u00e8gues d\u00e9put\u00e9s ;<\/p>\n<p>Mesdames, Messieurs ;<\/p>\n<p>Nous voil\u00e0 de retour aujourd\u2019hui pour nous acquitter de notre devoir l\u00e9gislatif apr\u00e8s de br\u00e8ves vacances au cours desquelles nous avons pu prendre contact avec nos \u00e9lecteurs et conna\u00eetre leurs soucis et pr\u00e9occupations.<\/p>\n<p>Je n\u2019ai pas besoin de vous exhorter \u00e0 poursuivre le s\u00e9rieux, la responsabilit\u00e9 et la pers\u00e9v\u00e9rance dans votre mission caract\u00e9ris\u00e9e par la pr\u00e9sence et la participation efficace aux r\u00e9unions des commissions ainsi qu\u2019aux s\u00e9ances pl\u00e9ni\u00e8res, \u00e9pluchant tous les textes qui vous sont pr\u00e9sent\u00e9s et assumant votre devoir de contr\u00f4le de l\u2019action du gouvernement, qualit\u00e9s que j\u2019ai toujours connues en vous.<\/p>\n<p>Coll\u00e8gues d\u00e9put\u00e9s ;<\/p>\n<p>Cette session parlementaire ordinaire se tient dans un contexte politique particulier qui pr\u00e9c\u00e8de un \u00e9v\u00e8nement pouvant marquer un nouveau lancement de notre jeune d\u00e9mocratie qui s\u2019enracine jour apr\u00e8s jour.<\/p>\n<p>Le r\u00e9f\u00e9rendum populaire sur les amendements constitutionnels pr\u00e9sent\u00e9s par le Pr\u00e9sident de la R\u00e9publique, Monsieur Mohamed Ould Abdel Aziz et dont la pr\u00e9paration a commenc\u00e9, permettra au peuple mauritanien de dire son avis sur les am\u00e9liorations propos\u00e9es pour notre syst\u00e8me institutionnel. Ces amendements englobent, entre autres points, la r\u00e9vision du syst\u00e8me des deux chambres pour arriver \u00e0 un parlement plus adapt\u00e9 \u00e0 nos r\u00e9alit\u00e9s en plus du rapprochement de l\u2019administration et de ses services du citoyen ; la r\u00e9partition \u00e9quitable du d\u00e9veloppement entre les diff\u00e9rentes r\u00e9gions du pays \u00e0 travers la cr\u00e9ation d\u2019un nouveau syst\u00e8me de d\u00e9centralisation.<\/p>\n<p>Et comme j\u2019ai eu \u00e0 vous le dire \u00e0 l\u2019occasion de la cl\u00f4ture de la session parlementaire \u00e9coul\u00e9e, vous devez, en tant que repr\u00e9sentants du peuple, jouer un r\u00f4le de premier plan dans la conscientisation des citoyens sur l\u2019importance de cette \u00e9ch\u00e9ance en les exhortant, tous, \u00e0 s\u2019inscrire sur la liste \u00e9lectorale et \u00e0 participer activement \u00e0 cette op\u00e9ration r\u00e9f\u00e9rendaire.<\/p>\n<p>C\u2019est ainsi que nous pouvons \u00eatre rassur\u00e9s quant \u00e0 la poursuite -Inchaa-Allah- voire l\u2019acc\u00e9l\u00e9ration des grandes r\u00e9ussites accomplies ces derni\u00e8res ann\u00e9es au niveau du d\u00e9veloppement du pays et de sa pr\u00e9sence aux plans international et r\u00e9gional, d\u00e9veloppement et r\u00e9ussite salu\u00e9s, au demeurant, par tous.<\/p>\n<p>Coll\u00e8gues d\u00e9put\u00e9s ;<\/p>\n<p>En d\u00e9clarant ouverte la deuxi\u00e8me session parlementaire ordinaire 2016 -2017, conform\u00e9ment \u00e0 l\u2019article 52 de la Constitution et l\u2019article 56 du r\u00e8glement int\u00e9rieur de l\u2019Assembl\u00e9e nationale, je vous souhaite plein succ\u00e8s dans la mission qui vous attend.<\/p>\n<p>Je vous remercie.\u00bb<\/p>\n","protected":false},"excerpt":{"rendered":"<p>La deuxi\u00e8me session parlementaire ordinaire 2016 &#8211; 2017 au niveau de l\u2019Assembl\u00e9e nationale a \u00e9t\u00e9 ouverte lundi apr\u00e8s- midi dans les locaux de cette chambre.<\/p>\n<p>A cette occasion, le Pr\u00e9sident de cette Assembl\u00e9e M<\/p>\n","protected":false},"author":1,"featured_media":155510,"comment_status":"closed","ping_status":"closed","sticky":false,"template":"","format":"standard","meta":{"footnotes":""},"categories":[],"tags":[63963,62749,62476,62747],"class_list":["post-60666","post","type-post","status-publish","format-standard","has-post-thumbnail","hentry","tag-activites-parlementaires","tag-nena","tag-nouakchott","tag-s_bechire"],"_links":{"self":[{"href":"https:\/\/ami.mr\/fr\/wp-json\/wp\/v2\/posts\/60666","targetHints":{"allow":["GET"]}}],"collection":[{"href":"https:\/\/ami.mr\/fr\/wp-json\/wp\/v2\/posts"}],"about":[{"href":"https:\/\/ami.mr\/fr\/wp-json\/wp\/v2\/types\/post"}],"author":[{"embeddable":true,"href":"https:\/\/ami.mr\/fr\/wp-json\/wp\/v2\/users\/1"}],"replies":[{"embeddable":true,"href":"https:\/\/ami.mr\/fr\/wp-json\/wp\/v2\/comments?post=60666"}],"version-history":[{"count":1,"href":"https:\/\/ami.mr\/fr\/wp-json\/wp\/v2\/posts\/60666\/revisions"}],"predecessor-version":[{"id":155509,"href":"https:\/\/ami.mr\/fr\/wp-json\/wp\/v2\/posts\/60666\/revisions\/155509"}],"wp:featuredmedia":[{"embeddable":true,"href":"https:\/\/ami.mr\/fr\/wp-json\/wp\/v2\/media\/155510"}],"wp:attachment":[{"href":"https:\/\/ami.mr\/fr\/wp-json\/wp\/v2\/media?parent=60666"}],"wp:term":[{"taxonomy":"category","embeddable":true,"href":"https:\/\/ami.mr\/fr\/wp-json\/wp\/v2\/categories?post=60666"},{"taxonomy":"post_tag","embeddable":true,"href":"https:\/\/ami.mr\/fr\/wp-json\/wp\/v2\/tags?post=60666"}],"curies":[{"name":"wp","href":"https:\/\/api.w.org\/{rel}","templated":true}]}}