{"id":60601,"date":"2017-05-04T18:41:22","date_gmt":"2017-05-04T18:41:22","guid":{"rendered":"http:\/\/192.168.64.2\/fr\/index.php\/2017\/05\/04\/zouerate-journees-de-concertations-sur-les-impacts-environnementaux-de-lexploitation-de-luranium\/"},"modified":"2022-07-04T14:26:58","modified_gmt":"2022-07-04T14:26:58","slug":"zouerate-journees-de-concertations-sur-les-impacts-environnementaux-de-lexploitation-de-luranium","status":"publish","type":"post","link":"https:\/\/ami.mr\/fr\/archives\/60601","title":{"rendered":"Zouerate : Journ\u00e9es de concertations sur les impacts environnementaux de l\u2019exploitation de l\u2019uranium"},"content":{"rendered":"<p>Les travaux d\u2019un atelier sur les impacts environnementaux et sociaux de l\u2019exploitation de l\u2019uranium dans les zones d\u2019Ain Sadra, de Wad El Vowz et d\u2019Oum Vreikika dans la wilaya du Tiris Zemmour, organis\u00e9 par le minist\u00e8re de l\u2019Environnement et du D\u00e9veloppement durable en collaboration avec la soci\u00e9t\u00e9 australienne Energy, ont d\u00e9marr\u00e9, jeudi, \u00e0 Zouerate.<\/p>\n<p>Cet atelier vise \u00e0 faire participer les populations et la soci\u00e9t\u00e9 civile \u00e0 toutes les mesures touchant \u00e0 leur vie quotidienne.<\/p>\n<p>A cette occasion, le wali du Tiris Zemmour, M. Isselmou Ould Sidi, a indiqu\u00e9 que ces journ\u00e9es ont pour objectif la concertation entre les participants et la prise en compte des avis des uns et des autres pour une exploitation durable des ressources naturelles et pr\u00e9servant l\u2019\u00e9quilibre \u00e9cologique dans la zone du projet.<\/p>\n<p>Il a souhait\u00e9 que l\u2019atelier permette de sortir avec des recommandations qui int\u00e8grent les dimensions sociales et environnementales au niveau de ce projet qui s\u2019ajoute aux projets que le gouvernement s\u2019emploie avec les investisseurs miniers \u00e0 r\u00e9aliser.<\/p>\n<p>De son c\u00f4t\u00e9, le directeur de la Contr\u00f4le environnemental au minist\u00e8re de l\u2019Environnement et du D\u00e9veloppement durable, M. Cheikh Tourad Ould Mohamed Saadbouh, a appel\u00e9 \u00e0 la prise en compte des avis des participants pour une meilleure pr\u00e9servation du milieu environnemental.<\/p>\n<p>Pour sa part, le directeur du registre minier au minist\u00e8re du P\u00e9trole, de l\u2019Energie et des Mines, M. Mohamed Lemine Ould El Moustapha, a indiqu\u00e9 que le code minier est consid\u00e9r\u00e9 comme \u00e9tant attractif et comp\u00e9titif compte tenu des facilit\u00e9s et des garanties qu\u2019il offre aux investisseurs dans le climat de paix et de s\u00e9curit\u00e9 que connait le pays.<\/p>\n<p>La c\u00e9r\u00e9monie d\u2019ouverture de cet atelier s\u2019est d\u00e9roul\u00e9e en pr\u00e9sence du hakem de la moughataa de Zouerate, du commandant de la 2\u00e8me r\u00e9gion militaire, des responsables des services r\u00e9gionaux, des imams et des repr\u00e9sentants de la soci\u00e9t\u00e9 civile dans la wilaya.<\/p>\n","protected":false},"excerpt":{"rendered":"<p>Les travaux d\u2019un atelier sur les impacts environnementaux et sociaux de l\u2019exploitation de l\u2019uranium dans les zones d\u2019Ain Sadra, de Wad El Vowz et d\u2019Oum Vreikika dans la wilaya du Tiris Zemmour, organis\u00e9 par le minist\u00e8re de l\u2019Environnement et du D\u00e9veloppem<\/p>\n","protected":false},"author":1,"featured_media":0,"comment_status":"closed","ping_status":"closed","sticky":false,"template":"","format":"standard","meta":{"footnotes":""},"categories":[8672],"tags":[62776,62496],"class_list":["post-60601","post","type-post","status-publish","format-standard","hentry","category-8672","tag-nejah","tag-zouerate"],"_links":{"self":[{"href":"https:\/\/ami.mr\/fr\/wp-json\/wp\/v2\/posts\/60601","targetHints":{"allow":["GET"]}}],"collection":[{"href":"https:\/\/ami.mr\/fr\/wp-json\/wp\/v2\/posts"}],"about":[{"href":"https:\/\/ami.mr\/fr\/wp-json\/wp\/v2\/types\/post"}],"author":[{"embeddable":true,"href":"https:\/\/ami.mr\/fr\/wp-json\/wp\/v2\/users\/1"}],"replies":[{"embeddable":true,"href":"https:\/\/ami.mr\/fr\/wp-json\/wp\/v2\/comments?post=60601"}],"version-history":[{"count":1,"href":"https:\/\/ami.mr\/fr\/wp-json\/wp\/v2\/posts\/60601\/revisions"}],"predecessor-version":[{"id":155444,"href":"https:\/\/ami.mr\/fr\/wp-json\/wp\/v2\/posts\/60601\/revisions\/155444"}],"wp:attachment":[{"href":"https:\/\/ami.mr\/fr\/wp-json\/wp\/v2\/media?parent=60601"}],"wp:term":[{"taxonomy":"category","embeddable":true,"href":"https:\/\/ami.mr\/fr\/wp-json\/wp\/v2\/categories?post=60601"},{"taxonomy":"post_tag","embeddable":true,"href":"https:\/\/ami.mr\/fr\/wp-json\/wp\/v2\/tags?post=60601"}],"curies":[{"name":"wp","href":"https:\/\/api.w.org\/{rel}","templated":true}]}}