{"id":60586,"date":"2017-05-03T22:38:30","date_gmt":"2017-05-03T22:38:30","guid":{"rendered":"http:\/\/192.168.64.2\/fr\/index.php\/2017\/05\/03\/la-fondation-habib-ould-mahfoud-decerne-des-prix-aux-laureats-du-concours-du-meilleur-article-dans-les-langues-arabe-et-francais\/"},"modified":"2022-07-04T14:26:37","modified_gmt":"2022-07-04T14:26:37","slug":"la-fondation-habib-ould-mahfoud-decerne-des-prix-aux-laureats-du-concours-du-meilleur-article-dans-les-langues-arabe-et-francais","status":"publish","type":"post","link":"https:\/\/ami.mr\/fr\/archives\/60586","title":{"rendered":"La fondation Habib Ould Mahfoud decerne des prix aux laur\u00e9ats du concours du meilleur article dans les langues arabe et fran\u00e7ais"},"content":{"rendered":"<p>La fondation Habib Ould Mahfoud a remis, mercredi \u00e0 Nouakchott, les prix aux laur\u00e9ats du concours du meilleur article dans les langues arabe et fran\u00e7ais, organis\u00e9 dans le cadre des activit\u00e9s comm\u00e9moratives de la journ\u00e9e internationale de la libert\u00e9 de presse.<\/p>\n<p>Le Repr\u00e9sentant du minist\u00e8re des Relations avec le Parlement et de la Soci\u00e9t\u00e9 Civile \u00e0 cette c\u00e9r\u00e9monie, le charg\u00e9 de mission M. Moustapha Ould Sid\u2019El Moctar, a d\u00e9but\u00e9 son intervention, en appelant \u00e0 la lecture de la sourate d\u2019\u2018\u2019El Vatiha\u2019\u2019, pour l\u2019\u00e2me de feu Habib Ould Mahfoud, transmettant les salutations du d\u00e9partement \u00e0 la fondation et rappelant pour la circonstance les qualit\u00e9s \u00e9lev\u00e9es du d\u00e9funt et ses comp\u00e9tences rares, en tant que doyen de la presse ind\u00e9pendante en Mauritanie et ic\u00f4ne du quatri\u00e8me pouvoir national.<\/p>\n<p>A propos des laur\u00e9ats, le premier prix pour la cat\u00e9gorie arabe, a \u00e9t\u00e9 remport\u00e9 par Abdallahi Ould Etvagha El Moctar, et remis en son nom \u00e0 Mohamed Vall Ould Oumeir par M. Jean Kouchner, secr\u00e9taire g\u00e9n\u00e9ral adjoint de la f\u00e9d\u00e9ration internationale de la presse francophone.<\/p>\n<p>Le m\u00eame prix pour la cat\u00e9gorie fran\u00e7ais a \u00e9t\u00e9 decern\u00e9  \u00e0 Sneiba Mohamed, et remis \u00e0 l\u2019int\u00e9ress\u00e9 par le charg\u00e9 de mission au d\u00e9partement des Relations avec le parlement.<\/p>\n<p>La seconde place de la cat\u00e9gorie arabe a \u00e9t\u00e9 remport\u00e9e par Mohamed Moctar Ould Mohamed Vall, directeur du site \u00abEnnahar\u00bb. Le prix a \u00e9t\u00e9 remis par la pr\u00e9sidente du r\u00e9seau des femmes journalistes, Mme Meimeh Mint Mohamed Ahmed.<\/p>\n<p>Le second prix cat\u00e9gorie fran\u00e7ais a \u00e9t\u00e9 decern\u00e9  \u00e0 Ahmed Bezeid Ould Beyrouck, remis \u00e0 son nom au pr\u00e9sident d&#8217;honneur de la fondation, par M. Ahmed Ould Hamza, pr\u00e9sident de l&#8217;Alliance franco-mauritanienne.<\/p>\n<p>Le troisi\u00e8me prix arabe a \u00e9t\u00e9 decern\u00e9 \u00e0 Sidi Mohamed Ould Ejiwone, de la t\u00e9l\u00e9vision Sahel, remis par le pr\u00e9sident du syndicat des journalistes mauritaniens (SJM), M. Ahmed Salem Ould Moctar Salem.<\/p>\n<p>Le prix du 3e laur\u00e9at de langue fran\u00e7aise a \u00e9t\u00e9 decern\u00e9  \u00e0 Oumar Sow, et remis en son par la pr\u00e9sidente de la fondation Taghla Mint Abeidalla, au journaliste Sy Mamoudou, directeur de publication du journal \u2018Eveil Hebdo.<\/p>\n<p>Les premiers prix dans les deux cat\u00e9gories ont port\u00e9 sur des PC dons, \u00e0 part \u00e9gale, de Mauritel et de la commune de Tevragh Zeina.<\/p>\n<p>Pour les autres laur\u00e9ats, les prix ont port\u00e9 sur une attestation de distinction et un pr\u00e9cieux livre.<\/p>\n<p>Notons enfin, que le conseiller scientifique de la fondation, Dr Lemine Ould Mohamed Baba, a rappel\u00e9 dans une intervention pour la circonstance, la d\u00e9cision de la commission d\u2019organiser ce prix de meilleur article en fran\u00e7ais, d\u00e9j\u00e0 organis\u00e9 par l\u2019Union Europ\u00e9enne, en ajoutant la cat\u00e9gorie arabe, partant de l\u2019actif scientifique de feu Habib Ould Mahfoud, qui a d\u00e9di\u00e9 sa vie et sa plume pour la cons\u00e9cration de la libert\u00e9 de presse.<\/p>\n","protected":false},"excerpt":{"rendered":"<p>La fondation Habib Ould Mahfoud a remis, mercredi \u00e0 Nouakchott, les prix aux laur\u00e9ats du concours du meilleur article dans les langues arabe et fran\u00e7ais, organis\u00e9 dans le cadre des activit\u00e9s comm\u00e9moratives de la journ\u00e9e internationale de la libert\u00e9 de pre<\/p>\n","protected":false},"author":1,"featured_media":155430,"comment_status":"closed","ping_status":"closed","sticky":false,"template":"","format":"standard","meta":{"footnotes":""},"categories":[104],"tags":[63109,62476,63478],"class_list":["post-60586","post","type-post","status-publish","format-standard","has-post-thumbnail","hentry","category-104","tag-ahmedabd","tag-nouakchott","tag-syde"],"_links":{"self":[{"href":"https:\/\/ami.mr\/fr\/wp-json\/wp\/v2\/posts\/60586","targetHints":{"allow":["GET"]}}],"collection":[{"href":"https:\/\/ami.mr\/fr\/wp-json\/wp\/v2\/posts"}],"about":[{"href":"https:\/\/ami.mr\/fr\/wp-json\/wp\/v2\/types\/post"}],"author":[{"embeddable":true,"href":"https:\/\/ami.mr\/fr\/wp-json\/wp\/v2\/users\/1"}],"replies":[{"embeddable":true,"href":"https:\/\/ami.mr\/fr\/wp-json\/wp\/v2\/comments?post=60586"}],"version-history":[{"count":1,"href":"https:\/\/ami.mr\/fr\/wp-json\/wp\/v2\/posts\/60586\/revisions"}],"predecessor-version":[{"id":155429,"href":"https:\/\/ami.mr\/fr\/wp-json\/wp\/v2\/posts\/60586\/revisions\/155429"}],"wp:featuredmedia":[{"embeddable":true,"href":"https:\/\/ami.mr\/fr\/wp-json\/wp\/v2\/media\/155430"}],"wp:attachment":[{"href":"https:\/\/ami.mr\/fr\/wp-json\/wp\/v2\/media?parent=60586"}],"wp:term":[{"taxonomy":"category","embeddable":true,"href":"https:\/\/ami.mr\/fr\/wp-json\/wp\/v2\/categories?post=60586"},{"taxonomy":"post_tag","embeddable":true,"href":"https:\/\/ami.mr\/fr\/wp-json\/wp\/v2\/tags?post=60586"}],"curies":[{"name":"wp","href":"https:\/\/api.w.org\/{rel}","templated":true}]}}