{"id":60494,"date":"2017-05-01T13:12:48","date_gmt":"2017-05-01T13:12:48","guid":{"rendered":"http:\/\/192.168.64.2\/fr\/index.php\/2017\/05\/01\/la-centrale-syndicale-des-travailleurs-nationaux-celebre-la-fete-internationale-du-travail\/"},"modified":"2022-07-04T14:24:00","modified_gmt":"2022-07-04T14:24:00","slug":"la-centrale-syndicale-des-travailleurs-nationaux-celebre-la-fete-internationale-du-travail","status":"publish","type":"post","link":"https:\/\/ami.mr\/fr\/archives\/60494","title":{"rendered":"La Centrale Syndicale des Travailleurs Nationaux c\u00e9l\u00e8bre la f\u00eate internationale du Travail"},"content":{"rendered":"<p>La Centrale Syndicale des Travailleurs Nationaux (CSTN) a comm\u00e9mor\u00e9 dimanche matin la f\u00eate internationale du travail qui co\u00efncide avec le 1er mai de chaque ann\u00e9e sous le th\u00e8me : \u00ab augmentation des salaires et des pensions de retraite \u00bb.<\/p>\n<p>Le syndicat a organis\u00e9 \u00e0 cette occasion une marche qui a d\u00e9marr\u00e9 au carrefour sis devant les locaux de la moughataa d\u2019El Mina (Wilaya de Nouakchott Sud) pour prendre fin par un meeting au niveau du carrefour Tour\u00e9.<\/p>\n<p>Le secr\u00e9taire g\u00e9n\u00e9ral, M. Cheikh Ould Bilal a f\u00e9licit\u00e9 les travailleurs \u00e0 cette occasion soulignant les conditions dans lesquelles a lieu cette comm\u00e9moration.<\/p>\n<p>Il a ajout\u00e9 que ces derni\u00e8res ann\u00e9es ont connu une am\u00e9lioration sensible des conditions de vie des populations en raison de l\u2019int\u00e9r\u00eat que les hautes autorit\u00e9s du pays portent aux franges les plus vuln\u00e9rables.<\/p>\n<p>Le secr\u00e9taire g\u00e9n\u00e9ral a pass\u00e9 en revue les revendications qui comportent, entre autres, la r\u00e9vision du code du travail ; l\u2019augmentation des salaires et l\u2019actualisation du cadre juridique r\u00e9gissant les travailleurs des \u00e9tablissements publics \u00e0 caract\u00e8re administratif et les travailleurs des collectivit\u00e9s locales ainsi que les Personnels Non Permanents (PNP) en plus de la mise en place d\u2019une politique de formation professionnelle adapt\u00e9e aux besoins du march\u00e9 de l\u2019emploi.<\/p>\n","protected":false},"excerpt":{"rendered":"<p>La Centrale Syndicale des Travailleurs Nationaux (CSTN) a comm\u00e9mor\u00e9 dimanche matin la f\u00eate internationale du travail qui co\u00efncide avec le 1er mai de chaque ann\u00e9e sous le th\u00e8me : \u00ab augmentation des salaires et des pensions de retraite \u00bb<\/p>\n","protected":false},"author":1,"featured_media":155338,"comment_status":"closed","ping_status":"closed","sticky":false,"template":"","format":"standard","meta":{"footnotes":""},"categories":[],"tags":[62741,62476,63996],"class_list":["post-60494","post","type-post","status-publish","format-standard","has-post-thumbnail","hentry","tag-khweira","tag-nouakchott","tag-societe"],"_links":{"self":[{"href":"https:\/\/ami.mr\/fr\/wp-json\/wp\/v2\/posts\/60494","targetHints":{"allow":["GET"]}}],"collection":[{"href":"https:\/\/ami.mr\/fr\/wp-json\/wp\/v2\/posts"}],"about":[{"href":"https:\/\/ami.mr\/fr\/wp-json\/wp\/v2\/types\/post"}],"author":[{"embeddable":true,"href":"https:\/\/ami.mr\/fr\/wp-json\/wp\/v2\/users\/1"}],"replies":[{"embeddable":true,"href":"https:\/\/ami.mr\/fr\/wp-json\/wp\/v2\/comments?post=60494"}],"version-history":[{"count":1,"href":"https:\/\/ami.mr\/fr\/wp-json\/wp\/v2\/posts\/60494\/revisions"}],"predecessor-version":[{"id":155337,"href":"https:\/\/ami.mr\/fr\/wp-json\/wp\/v2\/posts\/60494\/revisions\/155337"}],"wp:featuredmedia":[{"embeddable":true,"href":"https:\/\/ami.mr\/fr\/wp-json\/wp\/v2\/media\/155338"}],"wp:attachment":[{"href":"https:\/\/ami.mr\/fr\/wp-json\/wp\/v2\/media?parent=60494"}],"wp:term":[{"taxonomy":"category","embeddable":true,"href":"https:\/\/ami.mr\/fr\/wp-json\/wp\/v2\/categories?post=60494"},{"taxonomy":"post_tag","embeddable":true,"href":"https:\/\/ami.mr\/fr\/wp-json\/wp\/v2\/tags?post=60494"}],"curies":[{"name":"wp","href":"https:\/\/api.w.org\/{rel}","templated":true}]}}