{"id":60229,"date":"2017-04-18T22:13:33","date_gmt":"2017-04-18T22:13:33","guid":{"rendered":"http:\/\/192.168.64.2\/fr\/index.php\/2017\/04\/18\/organisation-de-journees-ophtalmologiques-a-nouakchott\/"},"modified":"2022-07-04T14:17:46","modified_gmt":"2022-07-04T14:17:46","slug":"organisation-de-journees-ophtalmologiques-a-nouakchott","status":"publish","type":"post","link":"https:\/\/ami.mr\/fr\/archives\/60229","title":{"rendered":"Organisation de journ\u00e9es ophtalmologiques \u00e0 Nouakchott"},"content":{"rendered":"<p>Le secr\u00e9taire g\u00e9n\u00e9ral du minist\u00e8re de la Sant\u00e9, M. Ahmed Ould Dj\u00e9, a supervis\u00e9, mardi, au centre de sant\u00e9 de Toujounine, les journ\u00e9es ophtalmologiques ouvertes pour les consultations et la distribution de lunettes m\u00e9dicales, organis\u00e9es par la commune de Toujounine en partenariat avec l\u2019ONG am\u00e9ricaine Care.<\/p>\n<p>Le maire de la commune de Toujounine, M. Sidi Ould Mohamed Khaidde a inscrit l\u2019organisation de ces journ\u00e9es, qui se d\u00e9roulent du 18 au 24 avril courant, dans le cadre de la r\u00e9alisation de services sanitaires gratuits au profit des citoyens dans le domaine ophtalmologique et de distribution de lunettes, louant l\u2019apport de l\u2019ONG pr\u00e9cit\u00e9e.<\/p>\n<p>Le pr\u00e9sident de la mission, compos\u00e9e de 32 m\u00e9decins et infirmiers, M. Zhang de Hang Kang a pr\u00e9sent\u00e9 un aper\u00e7u sur son ONG, saluant les facilit\u00e9s consenties par les autorit\u00e9s mauritaniennes en vue de faciliter les activit\u00e9s de bienfaisance inscrites au programme de l\u2019ONG.<\/p>\n<p>La c\u00e9r\u00e9monie s\u2019est d\u00e9roul\u00e9e en pr\u00e9sence du charg\u00e9 de mission au minist\u00e8re de la sant\u00e9, M. Ahmed Jiddou Ould Zeine, du wali adjoint de Nouakchott Nord, ainsi que du Hakem de la moughataaa de Toujounine.<\/p>\n","protected":false},"excerpt":{"rendered":"<p>Le secr\u00e9taire g\u00e9n\u00e9ral du minist\u00e8re de la Sant\u00e9, M. Ahmed Ould Dj\u00e9, a supervis\u00e9, mardi, au centre de sant\u00e9 de Toujounine, les journ\u00e9es ophtalmologiques ouvertes pour les consultations et la distribution de lunettes m\u00e9dicales, organis\u00e9es par la commune de T<\/p>\n","protected":false},"author":1,"featured_media":155073,"comment_status":"closed","ping_status":"closed","sticky":false,"template":"","format":"standard","meta":{"footnotes":""},"categories":[],"tags":[62776,62476,63995],"class_list":["post-60229","post","type-post","status-publish","format-standard","has-post-thumbnail","hentry","tag-nejah","tag-nouakchott","tag-sante"],"_links":{"self":[{"href":"https:\/\/ami.mr\/fr\/wp-json\/wp\/v2\/posts\/60229","targetHints":{"allow":["GET"]}}],"collection":[{"href":"https:\/\/ami.mr\/fr\/wp-json\/wp\/v2\/posts"}],"about":[{"href":"https:\/\/ami.mr\/fr\/wp-json\/wp\/v2\/types\/post"}],"author":[{"embeddable":true,"href":"https:\/\/ami.mr\/fr\/wp-json\/wp\/v2\/users\/1"}],"replies":[{"embeddable":true,"href":"https:\/\/ami.mr\/fr\/wp-json\/wp\/v2\/comments?post=60229"}],"version-history":[{"count":1,"href":"https:\/\/ami.mr\/fr\/wp-json\/wp\/v2\/posts\/60229\/revisions"}],"predecessor-version":[{"id":155072,"href":"https:\/\/ami.mr\/fr\/wp-json\/wp\/v2\/posts\/60229\/revisions\/155072"}],"wp:featuredmedia":[{"embeddable":true,"href":"https:\/\/ami.mr\/fr\/wp-json\/wp\/v2\/media\/155073"}],"wp:attachment":[{"href":"https:\/\/ami.mr\/fr\/wp-json\/wp\/v2\/media?parent=60229"}],"wp:term":[{"taxonomy":"category","embeddable":true,"href":"https:\/\/ami.mr\/fr\/wp-json\/wp\/v2\/categories?post=60229"},{"taxonomy":"post_tag","embeddable":true,"href":"https:\/\/ami.mr\/fr\/wp-json\/wp\/v2\/tags?post=60229"}],"curies":[{"name":"wp","href":"https:\/\/api.w.org\/{rel}","templated":true}]}}