{"id":60223,"date":"2017-04-18T18:26:13","date_gmt":"2017-04-18T18:26:13","guid":{"rendered":"http:\/\/192.168.64.2\/fr\/index.php\/2017\/04\/18\/la-ministre-de-lagriculture-senquiert-des-amenagements-agricoles-de-ntekane\/"},"modified":"2022-07-04T14:17:39","modified_gmt":"2022-07-04T14:17:39","slug":"la-ministre-de-lagriculture-senquiert-des-amenagements-agricoles-de-ntekane","status":"publish","type":"post","link":"https:\/\/ami.mr\/fr\/archives\/60223","title":{"rendered":"La ministre de l\u2019agriculture s\u2019enquiert des am\u00e9nagements agricoles de N\u2019T\u00e9kane"},"content":{"rendered":"<p>La ministre de l\u2019agriculture, Mme Lemina Mint Kotob Ould Momma a soulign\u00e9 mardi que les am\u00e9nagements hydro agricoles actuellement en cours traduisent l\u2019int\u00e9r\u00eat port\u00e9 par le Pr\u00e9sident de la R\u00e9publique, Monsieur Mohamed Ould Abdel Aziz aux conditions de vie des populations et ce, \u00e0 travers la r\u00e9alisation des infrastructures n\u00e9cessaires pour tirer profit des opportunit\u00e9s offertes par le secteur de l\u2019agriculture.<\/p>\n<p>La ministre a fait cette d\u00e9claration lors de sa visite des travaux d\u2019am\u00e9nagements des p\u00e9rim\u00e8tres villageois de la zone de Berouazi 1 relevant de la commune de N\u2019T\u00e9kane dans le cadre du projet de gestion int\u00e9gr\u00e9e des ressources en eau financ\u00e9 par la Banque Mondiale \u00e0 travers l\u2019OMVS.<\/p>\n<p>Le programme comprend l\u2019am\u00e9nagement de 330 hectares de terres agricoles r\u00e9partis entre 14 regroupements villageois dans la r\u00e9gion agricole de Fada pour une couverture financi\u00e8re de 627 millions d\u2019ouguiya sur une p\u00e9riode de 10 mois.<\/p>\n<p>Le projet est ex\u00e9cut\u00e9 par la soci\u00e9t\u00e9 marocaine de travaux et d\u2019am\u00e9nagements (STAM) et la soci\u00e9t\u00e9 nationale de d\u00e9veloppement rural (SONADER).<\/p>\n","protected":false},"excerpt":{"rendered":"<p>La ministre de l\u2019agriculture, Mme Lemina Mint Kotob Ould Momma a soulign\u00e9 mardi que les am\u00e9nagements hydro agricoles actuellement en cours traduisent l\u2019int\u00e9r\u00eat port\u00e9 par le Pr\u00e9sident de la R\u00e9publique, Monsieur Mohamed Ould Abdel Aziz aux conditions de vie<\/p>\n","protected":false},"author":1,"featured_media":155067,"comment_status":"closed","ping_status":"closed","sticky":false,"template":"","format":"standard","meta":{"footnotes":""},"categories":[],"tags":[63990,63483,62776],"class_list":["post-60223","post","type-post","status-publish","format-standard","has-post-thumbnail","hentry","tag-activites-gouvernementales","tag-ntekane-rosso","tag-nejah"],"_links":{"self":[{"href":"https:\/\/ami.mr\/fr\/wp-json\/wp\/v2\/posts\/60223","targetHints":{"allow":["GET"]}}],"collection":[{"href":"https:\/\/ami.mr\/fr\/wp-json\/wp\/v2\/posts"}],"about":[{"href":"https:\/\/ami.mr\/fr\/wp-json\/wp\/v2\/types\/post"}],"author":[{"embeddable":true,"href":"https:\/\/ami.mr\/fr\/wp-json\/wp\/v2\/users\/1"}],"replies":[{"embeddable":true,"href":"https:\/\/ami.mr\/fr\/wp-json\/wp\/v2\/comments?post=60223"}],"version-history":[{"count":1,"href":"https:\/\/ami.mr\/fr\/wp-json\/wp\/v2\/posts\/60223\/revisions"}],"predecessor-version":[{"id":155066,"href":"https:\/\/ami.mr\/fr\/wp-json\/wp\/v2\/posts\/60223\/revisions\/155066"}],"wp:featuredmedia":[{"embeddable":true,"href":"https:\/\/ami.mr\/fr\/wp-json\/wp\/v2\/media\/155067"}],"wp:attachment":[{"href":"https:\/\/ami.mr\/fr\/wp-json\/wp\/v2\/media?parent=60223"}],"wp:term":[{"taxonomy":"category","embeddable":true,"href":"https:\/\/ami.mr\/fr\/wp-json\/wp\/v2\/categories?post=60223"},{"taxonomy":"post_tag","embeddable":true,"href":"https:\/\/ami.mr\/fr\/wp-json\/wp\/v2\/tags?post=60223"}],"curies":[{"name":"wp","href":"https:\/\/api.w.org\/{rel}","templated":true}]}}