{"id":60221,"date":"2017-04-18T18:05:34","date_gmt":"2017-04-18T18:05:34","guid":{"rendered":"http:\/\/192.168.64.2\/fr\/index.php\/2017\/04\/18\/le-ministre-de-lemploi-recoit-lambassadeur-soudanais\/"},"modified":"2022-07-04T14:17:35","modified_gmt":"2022-07-04T14:17:35","slug":"le-ministre-de-lemploi-recoit-lambassadeur-soudanais","status":"publish","type":"post","link":"https:\/\/ami.mr\/fr\/archives\/60221","title":{"rendered":"Le ministre de l\u2019emploi re\u00e7oit l\u2019ambassadeur soudanais"},"content":{"rendered":"<p>Le ministre de l\u2019emploi, de la formation professionnelle et des TICs M. Dia Moctar Malal a re\u00e7u mardi en audience dans son bureau \u00e0 Nouakchott SEM. Bilal Gasmalla Alsiddig, ambassadeur de la R\u00e9publique du Soudan accr\u00e9dit\u00e9 en Mauritanie.<\/p>\n<p>L\u2019entrevue, qui s\u2019est d\u00e9roul\u00e9e en pr\u00e9sence de plusieurs responsables des deux pays fr\u00e8res, a \u00e9t\u00e9 l&#8217;occasion d&#8217;aborder la coop\u00e9ration bilat\u00e9rale et les moyens de la renforcer en particulier dans le domaine de l\u2019emploi, de la formation professionnelle et des TICs.<\/p>\n","protected":false},"excerpt":{"rendered":"<p>Le ministre de l\u2019emploi, de la formation professionnelle et des TICs M. Dia Moctar Malal a re\u00e7u mardi en audience dans son bureau \u00e0 Nouakchott SEM. Bilal Gasmalla Alsiddig, ambassadeur de la R\u00e9publique du Soudan accr\u00e9dit\u00e9 en Mauritanie<\/p>\n","protected":false},"author":1,"featured_media":155065,"comment_status":"closed","ping_status":"closed","sticky":false,"template":"","format":"standard","meta":{"footnotes":""},"categories":[],"tags":[63990,62776,62476],"class_list":["post-60221","post","type-post","status-publish","format-standard","has-post-thumbnail","hentry","tag-activites-gouvernementales","tag-nejah","tag-nouakchott"],"_links":{"self":[{"href":"https:\/\/ami.mr\/fr\/wp-json\/wp\/v2\/posts\/60221","targetHints":{"allow":["GET"]}}],"collection":[{"href":"https:\/\/ami.mr\/fr\/wp-json\/wp\/v2\/posts"}],"about":[{"href":"https:\/\/ami.mr\/fr\/wp-json\/wp\/v2\/types\/post"}],"author":[{"embeddable":true,"href":"https:\/\/ami.mr\/fr\/wp-json\/wp\/v2\/users\/1"}],"replies":[{"embeddable":true,"href":"https:\/\/ami.mr\/fr\/wp-json\/wp\/v2\/comments?post=60221"}],"version-history":[{"count":1,"href":"https:\/\/ami.mr\/fr\/wp-json\/wp\/v2\/posts\/60221\/revisions"}],"predecessor-version":[{"id":155064,"href":"https:\/\/ami.mr\/fr\/wp-json\/wp\/v2\/posts\/60221\/revisions\/155064"}],"wp:featuredmedia":[{"embeddable":true,"href":"https:\/\/ami.mr\/fr\/wp-json\/wp\/v2\/media\/155065"}],"wp:attachment":[{"href":"https:\/\/ami.mr\/fr\/wp-json\/wp\/v2\/media?parent=60221"}],"wp:term":[{"taxonomy":"category","embeddable":true,"href":"https:\/\/ami.mr\/fr\/wp-json\/wp\/v2\/categories?post=60221"},{"taxonomy":"post_tag","embeddable":true,"href":"https:\/\/ami.mr\/fr\/wp-json\/wp\/v2\/tags?post=60221"}],"curies":[{"name":"wp","href":"https:\/\/api.w.org\/{rel}","templated":true}]}}