{"id":60219,"date":"2017-04-18T16:36:49","date_gmt":"2017-04-18T16:36:49","guid":{"rendered":"http:\/\/192.168.64.2\/fr\/index.php\/2017\/04\/18\/forum-du-collectif-des-cadres-mauritaniens-expatries-sur-la-couverture-sanitaire-universelle\/"},"modified":"2022-07-04T14:17:33","modified_gmt":"2022-07-04T14:17:33","slug":"forum-du-collectif-des-cadres-mauritaniens-expatries-sur-la-couverture-sanitaire-universelle","status":"publish","type":"post","link":"https:\/\/ami.mr\/fr\/archives\/60219","title":{"rendered":"Forum du Collectif des Cadres Mauritaniens Expatri\u00e9s sur la couverture sanitaire universelle"},"content":{"rendered":"<p>Le Collectif des Cadres Mauritaniens Expatri\u00e9s (CCME) a organis\u00e9 mardi \u00e0 Nouakchott un forum sur la couverture sanitaire universelle en Mauritanie (les objectifs et les d\u00e9fis) en pr\u00e9sence de nombreux acteurs du domaine de la sant\u00e9.<\/p>\n<p>Cette rencontre qui co\u00efncide avec l\u2019ouverture du si\u00e8ge du Collectif, s\u2019inscrit dans l\u2019optique des efforts visant \u00e0 promouvoir le d\u00e9veloppement du pays en encourageant les \u00e9changes d\u2019informations entre les acteurs nationaux et les partenaires internationaux concern\u00e9s par le d\u00e9veloppement et \u00e0 \u00e9tablir des contacts entre les membres des colonies mauritaniennes \u00e0 l\u2019\u00e9tranger et le pays en mettant en valeur leurs r\u00e9alisations \u00e0 l\u2019ext\u00e9rieur.<\/p>\n<p>Le charg\u00e9 de mission aupr\u00e8s du ministre de la sant\u00e9, M. Ahmed Jiddou Ould Zeine a exprim\u00e9 \u00e0 l\u2019occasion de l\u2019ouverture du colloque l\u2019importance de cette structure (le CCME) qui \u0153uvre \u00e0 faire en sorte de mobiliser les efforts des cadres mauritaniens \u00e0 l\u2019ext\u00e9rieur pour les mettre au service du d\u00e9veloppement du pays.<\/p>\n<p>Il a soulign\u00e9 \u00e0 cet \u00e9gard que le d\u00e9partement de la sant\u00e9, s\u2019attache, conform\u00e9ment aux instructions du Pr\u00e9sident de la R\u00e9publique, Monsieur Mohamed Ould Abdel Aziz que le gouvernement du Premier ministre, Yahya Ould Hademine met en \u0153uvre sur le terrain, \u00e0 assurer la g\u00e9n\u00e9ralisation de la couverture sanitaire \u00e0 tous les citoyens.<\/p>\n<p>Pour sa part, le pr\u00e9sident du CCME, M. Brahim Boihy, a appr\u00e9ci\u00e9 le r\u00f4le que doivent jouer les experts dans la promotion du d\u00e9veloppement de la Mauritanie, estimant que le th\u00e8me m\u00eame du forum traduit l\u2019int\u00e9r\u00eat port\u00e9 \u00e0 la situation des citoyens dans ce domaine.<\/p>\n<p>Notons que le CCME est une association \u00e0 but non lucratif ind\u00e9pendante qui vise les \u00e9changes d\u2019informations et de donn\u00e9es entre les experts nationaux et les partenaires internationaux au d\u00e9veloppement.<\/p>\n","protected":false},"excerpt":{"rendered":"<p>Le Collectif des Cadres Mauritaniens Expatri\u00e9s (CCME) a organis\u00e9 mardi \u00e0 Nouakchott un forum sur la couverture sanitaire universelle en Mauritanie (les objectifs et les d\u00e9fis) en pr\u00e9sence de nombreux acteurs du domaine de la sant\u00e9<\/p>\n","protected":false},"author":1,"featured_media":155063,"comment_status":"closed","ping_status":"closed","sticky":false,"template":"","format":"standard","meta":{"footnotes":""},"categories":[],"tags":[62776,62476,63995],"class_list":["post-60219","post","type-post","status-publish","format-standard","has-post-thumbnail","hentry","tag-nejah","tag-nouakchott","tag-sante"],"_links":{"self":[{"href":"https:\/\/ami.mr\/fr\/wp-json\/wp\/v2\/posts\/60219","targetHints":{"allow":["GET"]}}],"collection":[{"href":"https:\/\/ami.mr\/fr\/wp-json\/wp\/v2\/posts"}],"about":[{"href":"https:\/\/ami.mr\/fr\/wp-json\/wp\/v2\/types\/post"}],"author":[{"embeddable":true,"href":"https:\/\/ami.mr\/fr\/wp-json\/wp\/v2\/users\/1"}],"replies":[{"embeddable":true,"href":"https:\/\/ami.mr\/fr\/wp-json\/wp\/v2\/comments?post=60219"}],"version-history":[{"count":1,"href":"https:\/\/ami.mr\/fr\/wp-json\/wp\/v2\/posts\/60219\/revisions"}],"predecessor-version":[{"id":155062,"href":"https:\/\/ami.mr\/fr\/wp-json\/wp\/v2\/posts\/60219\/revisions\/155062"}],"wp:featuredmedia":[{"embeddable":true,"href":"https:\/\/ami.mr\/fr\/wp-json\/wp\/v2\/media\/155063"}],"wp:attachment":[{"href":"https:\/\/ami.mr\/fr\/wp-json\/wp\/v2\/media?parent=60219"}],"wp:term":[{"taxonomy":"category","embeddable":true,"href":"https:\/\/ami.mr\/fr\/wp-json\/wp\/v2\/categories?post=60219"},{"taxonomy":"post_tag","embeddable":true,"href":"https:\/\/ami.mr\/fr\/wp-json\/wp\/v2\/tags?post=60219"}],"curies":[{"name":"wp","href":"https:\/\/api.w.org\/{rel}","templated":true}]}}