{"id":60217,"date":"2017-04-18T15:23:05","date_gmt":"2017-04-18T15:23:05","guid":{"rendered":"http:\/\/192.168.64.2\/fr\/index.php\/2017\/04\/18\/la-ministre-des-affaires-sociales-recoit-une-mission-de-la-banque-mondiale-4\/"},"modified":"2022-07-04T14:17:31","modified_gmt":"2022-07-04T14:17:31","slug":"la-ministre-des-affaires-sociales-recoit-une-mission-de-la-banque-mondiale-4","status":"publish","type":"post","link":"https:\/\/ami.mr\/fr\/archives\/60217","title":{"rendered":"La ministre des affaires sociales re\u00e7oit une mission de la Banque Mondiale"},"content":{"rendered":"<p>La ministre des affaires sociales, de l\u2019enfance et de la famille, Mme Maimouna Mint Taghi a re\u00e7u en audience, mardi matin dans son bureau \u00e0 Nouakchott, une mission de la Banque Mondiale (BM) comprenant M. Matthieu Lefebvre, sp\u00e9cialiste en protection sociale, et M. Brahima Samba, responsable du d\u00e9veloppement de la petite enfance.<\/p>\n<p>L\u2019entrevue a port\u00e9 sur les m\u00e9canismes permettant d\u2019impulser la coop\u00e9ration entre notre pays et cette institution dans les domaines de comp\u00e9tence du minist\u00e8re, notamment la protection sociale et le d\u00e9veloppement de la petite enfance.<\/p>\n<p>L\u2019audience s\u2019est d\u00e9roul\u00e9e en pr\u00e9sence du secr\u00e9taire g\u00e9n\u00e9ral du minist\u00e8re, M. Mohamed Mahmoud Ould Ahmed Ould Sidi Yahya et du directeur de l\u2019enfance, M. Mohamed Ould Sid\u2019Ahmed Ould Ebed.<\/p>\n","protected":false},"excerpt":{"rendered":"<p>La ministre des affaires sociales, de l\u2019enfance et de la famille, Mme Maimouna Mint Taghi a re\u00e7u en audience, mardi matin dans son bureau \u00e0 Nouakchott, une mission de la Banque Mondiale (BM) comprenant M<\/p>\n","protected":false},"author":1,"featured_media":155061,"comment_status":"closed","ping_status":"closed","sticky":false,"template":"","format":"standard","meta":{"footnotes":""},"categories":[],"tags":[63990,62749,62476],"class_list":["post-60217","post","type-post","status-publish","format-standard","has-post-thumbnail","hentry","tag-activites-gouvernementales","tag-nena","tag-nouakchott"],"_links":{"self":[{"href":"https:\/\/ami.mr\/fr\/wp-json\/wp\/v2\/posts\/60217","targetHints":{"allow":["GET"]}}],"collection":[{"href":"https:\/\/ami.mr\/fr\/wp-json\/wp\/v2\/posts"}],"about":[{"href":"https:\/\/ami.mr\/fr\/wp-json\/wp\/v2\/types\/post"}],"author":[{"embeddable":true,"href":"https:\/\/ami.mr\/fr\/wp-json\/wp\/v2\/users\/1"}],"replies":[{"embeddable":true,"href":"https:\/\/ami.mr\/fr\/wp-json\/wp\/v2\/comments?post=60217"}],"version-history":[{"count":1,"href":"https:\/\/ami.mr\/fr\/wp-json\/wp\/v2\/posts\/60217\/revisions"}],"predecessor-version":[{"id":155060,"href":"https:\/\/ami.mr\/fr\/wp-json\/wp\/v2\/posts\/60217\/revisions\/155060"}],"wp:featuredmedia":[{"embeddable":true,"href":"https:\/\/ami.mr\/fr\/wp-json\/wp\/v2\/media\/155061"}],"wp:attachment":[{"href":"https:\/\/ami.mr\/fr\/wp-json\/wp\/v2\/media?parent=60217"}],"wp:term":[{"taxonomy":"category","embeddable":true,"href":"https:\/\/ami.mr\/fr\/wp-json\/wp\/v2\/categories?post=60217"},{"taxonomy":"post_tag","embeddable":true,"href":"https:\/\/ami.mr\/fr\/wp-json\/wp\/v2\/tags?post=60217"}],"curies":[{"name":"wp","href":"https:\/\/api.w.org\/{rel}","templated":true}]}}