{"id":60215,"date":"2017-04-18T15:04:22","date_gmt":"2017-04-18T15:04:22","guid":{"rendered":"http:\/\/192.168.64.2\/fr\/index.php\/2017\/04\/18\/le-ministre-de-lemploi-recoit-lambassadeur-dalgerie\/"},"modified":"2022-07-04T14:17:27","modified_gmt":"2022-07-04T14:17:27","slug":"le-ministre-de-lemploi-recoit-lambassadeur-dalgerie","status":"publish","type":"post","link":"https:\/\/ami.mr\/fr\/archives\/60215","title":{"rendered":"Le ministre de l\u2019emploi re\u00e7oit l\u2019ambassadeur d\u2019Alg\u00e9rie"},"content":{"rendered":"<p>La ministre de l\u2019emploi, de la formation professionnelle, M. Moctar Mala a re\u00e7u en audience, mardi matin dans son bureau \u00e0 Nouakchott, SEM. Khendoudi Noureddine, ambassadeur d\u2019Alg\u00e9rie en Mauritanie.<\/p>\n<p>L\u2019entrevue a port\u00e9 sur les relations de coop\u00e9ration existant entre les deux pays et les moyens permettant de les renforcer davantage.<\/p>\n<p>L\u2019audience s\u2019est d\u00e9roul\u00e9e en pr\u00e9sence du conseiller technique charg\u00e9 de la coop\u00e9ration, M. Taleb Ould El Hadj.<\/p>\n","protected":false},"excerpt":{"rendered":"<p>La ministre de l\u2019emploi, de la formation professionnelle, M. Moctar Mala a re\u00e7u en audience, mardi matin dans son bureau \u00e0 Nouakchott, SEM. Khendoudi Noureddine, ambassadeur d\u2019Alg\u00e9rie en Mauritanie<\/p>\n","protected":false},"author":1,"featured_media":155059,"comment_status":"closed","ping_status":"closed","sticky":false,"template":"","format":"standard","meta":{"footnotes":""},"categories":[],"tags":[63990,62749,62476],"class_list":["post-60215","post","type-post","status-publish","format-standard","has-post-thumbnail","hentry","tag-activites-gouvernementales","tag-nena","tag-nouakchott"],"_links":{"self":[{"href":"https:\/\/ami.mr\/fr\/wp-json\/wp\/v2\/posts\/60215","targetHints":{"allow":["GET"]}}],"collection":[{"href":"https:\/\/ami.mr\/fr\/wp-json\/wp\/v2\/posts"}],"about":[{"href":"https:\/\/ami.mr\/fr\/wp-json\/wp\/v2\/types\/post"}],"author":[{"embeddable":true,"href":"https:\/\/ami.mr\/fr\/wp-json\/wp\/v2\/users\/1"}],"replies":[{"embeddable":true,"href":"https:\/\/ami.mr\/fr\/wp-json\/wp\/v2\/comments?post=60215"}],"version-history":[{"count":1,"href":"https:\/\/ami.mr\/fr\/wp-json\/wp\/v2\/posts\/60215\/revisions"}],"predecessor-version":[{"id":155058,"href":"https:\/\/ami.mr\/fr\/wp-json\/wp\/v2\/posts\/60215\/revisions\/155058"}],"wp:featuredmedia":[{"embeddable":true,"href":"https:\/\/ami.mr\/fr\/wp-json\/wp\/v2\/media\/155059"}],"wp:attachment":[{"href":"https:\/\/ami.mr\/fr\/wp-json\/wp\/v2\/media?parent=60215"}],"wp:term":[{"taxonomy":"category","embeddable":true,"href":"https:\/\/ami.mr\/fr\/wp-json\/wp\/v2\/categories?post=60215"},{"taxonomy":"post_tag","embeddable":true,"href":"https:\/\/ami.mr\/fr\/wp-json\/wp\/v2\/tags?post=60215"}],"curies":[{"name":"wp","href":"https:\/\/api.w.org\/{rel}","templated":true}]}}