{"id":60213,"date":"2017-04-18T14:58:31","date_gmt":"2017-04-18T14:58:31","guid":{"rendered":"http:\/\/192.168.64.2\/fr\/index.php\/2017\/04\/18\/le-ministre-de-leconomie-et-des-finances-se-rend-a-rabat\/"},"modified":"2022-07-04T14:17:24","modified_gmt":"2022-07-04T14:17:24","slug":"le-ministre-de-leconomie-et-des-finances-se-rend-a-rabat","status":"publish","type":"post","link":"https:\/\/ami.mr\/fr\/archives\/60213","title":{"rendered":"Le ministre de l\u2019\u00e9conomie et des finances se rend \u00e0 Rabat"},"content":{"rendered":"<p>Le ministre de l\u2019\u00e9conomie et des finances, M. Moctar Ould Djay a quitt\u00e9 Nouakchott lundi soir \u00e0 destination du Royaume du Maroc pour prendre part aux r\u00e9unions annuelles des bailleurs de fonds arabes, qui se tiendront \u00e0 Rabat les 18 et 19 du mois d&#8217;avril courant.<\/p>\n","protected":false},"excerpt":{"rendered":"<p>Le ministre de l\u2019\u00e9conomie et des finances, M. Moctar Ould Djay a quitt\u00e9 Nouakchott lundi soir \u00e0 destination du Royaume du Maroc pour prendre part aux r\u00e9unions annuelles des bailleurs de fonds arabes, qui se tiendront \u00e0 Rabat les 18 et 19 du mois d&#8217;avril c<\/p>\n","protected":false},"author":1,"featured_media":155057,"comment_status":"closed","ping_status":"closed","sticky":false,"template":"","format":"standard","meta":{"footnotes":""},"categories":[],"tags":[63990,62749,62476],"class_list":["post-60213","post","type-post","status-publish","format-standard","has-post-thumbnail","hentry","tag-activites-gouvernementales","tag-nena","tag-nouakchott"],"_links":{"self":[{"href":"https:\/\/ami.mr\/fr\/wp-json\/wp\/v2\/posts\/60213","targetHints":{"allow":["GET"]}}],"collection":[{"href":"https:\/\/ami.mr\/fr\/wp-json\/wp\/v2\/posts"}],"about":[{"href":"https:\/\/ami.mr\/fr\/wp-json\/wp\/v2\/types\/post"}],"author":[{"embeddable":true,"href":"https:\/\/ami.mr\/fr\/wp-json\/wp\/v2\/users\/1"}],"replies":[{"embeddable":true,"href":"https:\/\/ami.mr\/fr\/wp-json\/wp\/v2\/comments?post=60213"}],"version-history":[{"count":1,"href":"https:\/\/ami.mr\/fr\/wp-json\/wp\/v2\/posts\/60213\/revisions"}],"predecessor-version":[{"id":155056,"href":"https:\/\/ami.mr\/fr\/wp-json\/wp\/v2\/posts\/60213\/revisions\/155056"}],"wp:featuredmedia":[{"embeddable":true,"href":"https:\/\/ami.mr\/fr\/wp-json\/wp\/v2\/media\/155057"}],"wp:attachment":[{"href":"https:\/\/ami.mr\/fr\/wp-json\/wp\/v2\/media?parent=60213"}],"wp:term":[{"taxonomy":"category","embeddable":true,"href":"https:\/\/ami.mr\/fr\/wp-json\/wp\/v2\/categories?post=60213"},{"taxonomy":"post_tag","embeddable":true,"href":"https:\/\/ami.mr\/fr\/wp-json\/wp\/v2\/tags?post=60213"}],"curies":[{"name":"wp","href":"https:\/\/api.w.org\/{rel}","templated":true}]}}