{"id":60206,"date":"2017-04-18T13:30:07","date_gmt":"2017-04-18T13:30:07","guid":{"rendered":"http:\/\/192.168.64.2\/fr\/index.php\/2017\/04\/18\/sensibilisation-sur-les-droits-de-lhomme-la-culture-et-leducation-pour-lenvironnement\/"},"modified":"2022-07-04T14:17:15","modified_gmt":"2022-07-04T14:17:15","slug":"sensibilisation-sur-les-droits-de-lhomme-la-culture-et-leducation-pour-lenvironnement","status":"publish","type":"post","link":"https:\/\/ami.mr\/fr\/archives\/60206","title":{"rendered":"Sensibilisation sur les droits de l\u2019Homme, la culture et l\u2019\u00e9ducation pour l\u2019environnement"},"content":{"rendered":"<p>Les locaux de la commission nationale pour la culture, l\u2019\u00e9ducation et les sciences \u00e0 Nouakchott ont abrit\u00e9 mardi matin le lancement des travaux de l\u2019atelier de sensibilisation sur les droits de l\u2019Homme, la culture et l\u2019\u00e9ducation pour l\u2019environnement qui profite \u00e0 20 jeunes activistes au sein des clubs Unesco.<\/p>\n<p>Cet atelier s\u2019inscrit dans le cadre du programme de l\u2019Unesco 2016 \u2013 2017 dont la commission nationale pour la culture, l\u2019\u00e9ducation et les sciences supervise la mise en \u0153uvre en Mauritanie. C\u2019est ainsi qu\u2019un atelier en sensibilisation similaire a \u00e9t\u00e9 organis\u00e9 en mars dernier.<\/p>\n<p>Quatre jours durant les participants auront \u00e0 suivre et discuter divers th\u00e8mes d\u00e9velopp\u00e9s \u00e0 travers des expos\u00e9s th\u00e9oriques pr\u00e9sent\u00e9s par des experts afin de mieux faire conna\u00eetre les droits de l\u2019Homme, la culture et l\u2019\u00e9ducation pour l\u2019environnement.<\/p>\n<p>Il s&#8217;agit en particulier d&#8217;expliquer ces th\u00e8mes et de clarifier leur r\u00f4le dans le renforcement de la coh\u00e9sion sociale en plus de leur contribution efficiente dans le processus de d\u00e9veloppement \u00e9conomique et social du pays.<\/p>\n<p>Le secr\u00e9taire g\u00e9n\u00e9ral de la commission nationale pour la culture, l\u2019\u00e9ducation et les sciences, Dr. Ismail Ould Chouaib a soulign\u00e9, dans un mot pour la circonstance, que cette sensibilisation au profit de ce groupe de jeunes r\u00e9pond \u00e0 un souci majeur du Pr\u00e9sident de la R\u00e9publique, Monsieur Mohamed Ould Abdel Aziz qui a inscrit dans les priorit\u00e9s de son programme d\u2019action la promotion des droits de l\u2019Homme et une attention plus marqu\u00e9e \u00e0 l&#8217;endroit des franges marginalis\u00e9es par le biais notamment de la discrimination positive et par la distribution de la justice entre les membres de la soci\u00e9t\u00e9.<\/p>\n<p>Il a ajout\u00e9 que l\u2019enracinement du concept des droits de l\u2019Homme au sein des citoyens constitue par ailleurs un levier \u00e9conomique pour diff\u00e9rents secteurs dont la culture, l\u2019\u00e9ducation et la pr\u00e9servation de l\u2019environnement, ce qui ne manquera pas de se refl\u00e9ter sur le r\u00f4le des g\u00e9n\u00e9rations montantes notamment dans le renforcement des valeurs r\u00e9publicaines et de la citoyennet\u00e9.<\/p>\n<p>Il a invit\u00e9 les participants \u00e0 l\u2019atelier \u00e0 pers\u00e9v\u00e9rer dans l\u2019\u00e9tude des th\u00e8mes qui leur seront pr\u00e9sent\u00e9s par les experts et \u00e0 tirer profit des exp\u00e9riences des uns et des autres pour en faire la restitution par la suite dans leurs clubs.<\/p>\n","protected":false},"excerpt":{"rendered":"<p>Les locaux de la commission nationale pour la culture, l\u2019\u00e9ducation et les sciences \u00e0 Nouakchott ont abrit\u00e9 mardi matin le lancement des travaux de l\u2019atelier de sensibilisation sur les droits de l\u2019Homme, la culture et l\u2019\u00e9ducation pour l\u2019environnement qui p<\/p>\n","protected":false},"author":1,"featured_media":155050,"comment_status":"closed","ping_status":"closed","sticky":false,"template":"","format":"standard","meta":{"footnotes":""},"categories":[104],"tags":[62749,62476],"class_list":["post-60206","post","type-post","status-publish","format-standard","has-post-thumbnail","hentry","category-104","tag-nena","tag-nouakchott"],"_links":{"self":[{"href":"https:\/\/ami.mr\/fr\/wp-json\/wp\/v2\/posts\/60206","targetHints":{"allow":["GET"]}}],"collection":[{"href":"https:\/\/ami.mr\/fr\/wp-json\/wp\/v2\/posts"}],"about":[{"href":"https:\/\/ami.mr\/fr\/wp-json\/wp\/v2\/types\/post"}],"author":[{"embeddable":true,"href":"https:\/\/ami.mr\/fr\/wp-json\/wp\/v2\/users\/1"}],"replies":[{"embeddable":true,"href":"https:\/\/ami.mr\/fr\/wp-json\/wp\/v2\/comments?post=60206"}],"version-history":[{"count":1,"href":"https:\/\/ami.mr\/fr\/wp-json\/wp\/v2\/posts\/60206\/revisions"}],"predecessor-version":[{"id":155049,"href":"https:\/\/ami.mr\/fr\/wp-json\/wp\/v2\/posts\/60206\/revisions\/155049"}],"wp:featuredmedia":[{"embeddable":true,"href":"https:\/\/ami.mr\/fr\/wp-json\/wp\/v2\/media\/155050"}],"wp:attachment":[{"href":"https:\/\/ami.mr\/fr\/wp-json\/wp\/v2\/media?parent=60206"}],"wp:term":[{"taxonomy":"category","embeddable":true,"href":"https:\/\/ami.mr\/fr\/wp-json\/wp\/v2\/categories?post=60206"},{"taxonomy":"post_tag","embeddable":true,"href":"https:\/\/ami.mr\/fr\/wp-json\/wp\/v2\/tags?post=60206"}],"curies":[{"name":"wp","href":"https:\/\/api.w.org\/{rel}","templated":true}]}}