{"id":58883,"date":"2017-02-15T19:04:55","date_gmt":"2017-02-15T19:04:55","guid":{"rendered":"http:\/\/192.168.64.2\/fr\/index.php\/2017\/02\/15\/le-ministre-des-affaires-etrangeres-sentretient-avec-lambassadeur-chef-de-delegation-de-lue-a-nouakchott\/"},"modified":"2022-07-04T13:46:16","modified_gmt":"2022-07-04T13:46:16","slug":"le-ministre-des-affaires-etrangeres-sentretient-avec-lambassadeur-chef-de-delegation-de-lue-a-nouakchott","status":"publish","type":"post","link":"https:\/\/ami.mr\/fr\/archives\/58883","title":{"rendered":"Le ministre des affaires \u00e9trang\u00e8res s&#8217;entretient avec l&#8217;ambassadeur chef de d\u00e9l\u00e9gation de l&#8217;UE \u00e0 Nouakchott"},"content":{"rendered":"<p>Le ministre des affaires \u00e9trang\u00e8res et de la coop\u00e9ration, Dr. Isselkou Ould Ahmed Izid Bih, s&#8217;est entretenu mercredi \u00e0 Nouakchott avec l &#8216;ambassadeur Chef de d\u00e9l\u00e9gation de l&#8217;Union Europ\u00e9enne (UE) accr\u00e9dit\u00e9 en Mauritanie, SEM Jose Antonio Sabadell.<\/p>\n<p>La rencontre s&#8217;est d\u00e9roul\u00e9e en pr\u00e9sence de M. Abdel Kader Mohamed Ahmedou, ambassadeur directeur d\u00e9partement des affaires europ\u00e9ennes au minist\u00e8re des affaires \u00e9trang\u00e8res.<\/p>\n","protected":false},"excerpt":{"rendered":"<p>Le ministre des affaires \u00e9trang\u00e8res et de la coop\u00e9ration, Dr. Isselkou Ould Ahmed Izid Bih, s&#8217;est entretenu mercredi \u00e0 Nouakchott avec l &#8216;ambassadeur Chef de d\u00e9l\u00e9gation de l&#8217;Union Europ\u00e9enne (UE) accr\u00e9dit\u00e9 en Mauritanie, SEM Jose Antonio Sabadell<\/p>\n","protected":false},"author":1,"featured_media":153727,"comment_status":"closed","ping_status":"closed","sticky":false,"template":"","format":"standard","meta":{"footnotes":""},"categories":[],"tags":[63990,62750,62476],"class_list":["post-58883","post","type-post","status-publish","format-standard","has-post-thumbnail","hentry","tag-activites-gouvernementales","tag-munina","tag-nouakchott"],"_links":{"self":[{"href":"https:\/\/ami.mr\/fr\/wp-json\/wp\/v2\/posts\/58883","targetHints":{"allow":["GET"]}}],"collection":[{"href":"https:\/\/ami.mr\/fr\/wp-json\/wp\/v2\/posts"}],"about":[{"href":"https:\/\/ami.mr\/fr\/wp-json\/wp\/v2\/types\/post"}],"author":[{"embeddable":true,"href":"https:\/\/ami.mr\/fr\/wp-json\/wp\/v2\/users\/1"}],"replies":[{"embeddable":true,"href":"https:\/\/ami.mr\/fr\/wp-json\/wp\/v2\/comments?post=58883"}],"version-history":[{"count":1,"href":"https:\/\/ami.mr\/fr\/wp-json\/wp\/v2\/posts\/58883\/revisions"}],"predecessor-version":[{"id":153726,"href":"https:\/\/ami.mr\/fr\/wp-json\/wp\/v2\/posts\/58883\/revisions\/153726"}],"wp:featuredmedia":[{"embeddable":true,"href":"https:\/\/ami.mr\/fr\/wp-json\/wp\/v2\/media\/153727"}],"wp:attachment":[{"href":"https:\/\/ami.mr\/fr\/wp-json\/wp\/v2\/media?parent=58883"}],"wp:term":[{"taxonomy":"category","embeddable":true,"href":"https:\/\/ami.mr\/fr\/wp-json\/wp\/v2\/categories?post=58883"},{"taxonomy":"post_tag","embeddable":true,"href":"https:\/\/ami.mr\/fr\/wp-json\/wp\/v2\/tags?post=58883"}],"curies":[{"name":"wp","href":"https:\/\/api.w.org\/{rel}","templated":true}]}}