{"id":58524,"date":"2017-01-31T22:08:56","date_gmt":"2017-01-31T22:08:56","guid":{"rendered":"http:\/\/192.168.64.2\/fr\/index.php\/2017\/01\/31\/demarrage-des-activites-de-lassociation-boutilimit-pour-la-culture-et-le-patrimoine\/"},"modified":"2022-07-04T13:37:13","modified_gmt":"2022-07-04T13:37:13","slug":"demarrage-des-activites-de-lassociation-boutilimit-pour-la-culture-et-le-patrimoine","status":"publish","type":"post","link":"https:\/\/ami.mr\/fr\/archives\/58524","title":{"rendered":"D\u00e9marrage des activit\u00e9s de l&#8217;association Boutilimit pour la culture et le patrimoine"},"content":{"rendered":"<p>Les activit\u00e9s de l&#8217;association Boutilimit pour la culture et le patrimoine, nouvellement cr\u00e9\u00e9e pour servir de cadre institutionnel d&#8217;\u00e9closion des efforts des ressortissants de la ville, ont \u00e9t\u00e9 lanc\u00e9s mardi \u00e0 Nouakchott.<\/p>\n<p>L&#8217;ONG s&#8217;at\u00e8le \u00e9galement \u00e0 valoriser le r\u00f4le historique de cette ville r\u00e9put\u00e9e par sa riche culture islamique et arabe.<\/p>\n<p>Le directeur de l&#8217;action culturelle et des arts au minist\u00e8re de la culture et de l&#8217;artisanat, M. Adnan Ould Beyrouck, a mis en exergue dans son discours prononc\u00e9 pour la circonstance, la grande place culturelle et islamique de Boutilimit, terre des \u00e9rudits, Oul\u00e9mas et des po\u00e8tes.<\/p>\n<p>Il a assur\u00e9 \u00e9galement du soutien du d\u00e9partement de l&#8217;association pour contribuer \u00e0 la redynamisation de la culture et patrimoine.<\/p>\n<p>Le pr\u00e9sident de l&#8217;association M. Mohamed dit Bekinne Ould Mabrouk a pr\u00e9sent\u00e9 les objectifs de son ONG, inscrivant la cr\u00e9ation de ce cadre institutionnel, dans la n\u00e9cessit\u00e9 de r\u00e9actualiser la culture et le patrimoine de la ville de Boutilimit.<\/p>\n<p>La c\u00e9r\u00e9monie s&#8217;est d\u00e9roul\u00e9e en pr\u00e9sence des membres du bureau ex\u00e9cutif et de ressortissants de la ville de Boutilimit.<\/p>\n","protected":false},"excerpt":{"rendered":"<p>Les activit\u00e9s de l&#8217;association Boutilimit pour la culture et le patrimoine, nouvellement cr\u00e9\u00e9e pour servir de cadre institutionnel d&#8217;\u00e9closion des efforts des ressortissants de la ville, ont \u00e9t\u00e9 lanc\u00e9s mardi \u00e0 Nouakchott<\/p>\n","protected":false},"author":1,"featured_media":153368,"comment_status":"closed","ping_status":"closed","sticky":false,"template":"","format":"standard","meta":{"footnotes":""},"categories":[],"tags":[63990,62875,62776,62476],"class_list":["post-58524","post","type-post","status-publish","format-standard","has-post-thumbnail","hentry","tag-activites-gouvernementales","tag-mekfoula","tag-nejah","tag-nouakchott"],"_links":{"self":[{"href":"https:\/\/ami.mr\/fr\/wp-json\/wp\/v2\/posts\/58524","targetHints":{"allow":["GET"]}}],"collection":[{"href":"https:\/\/ami.mr\/fr\/wp-json\/wp\/v2\/posts"}],"about":[{"href":"https:\/\/ami.mr\/fr\/wp-json\/wp\/v2\/types\/post"}],"author":[{"embeddable":true,"href":"https:\/\/ami.mr\/fr\/wp-json\/wp\/v2\/users\/1"}],"replies":[{"embeddable":true,"href":"https:\/\/ami.mr\/fr\/wp-json\/wp\/v2\/comments?post=58524"}],"version-history":[{"count":1,"href":"https:\/\/ami.mr\/fr\/wp-json\/wp\/v2\/posts\/58524\/revisions"}],"predecessor-version":[{"id":153367,"href":"https:\/\/ami.mr\/fr\/wp-json\/wp\/v2\/posts\/58524\/revisions\/153367"}],"wp:featuredmedia":[{"embeddable":true,"href":"https:\/\/ami.mr\/fr\/wp-json\/wp\/v2\/media\/153368"}],"wp:attachment":[{"href":"https:\/\/ami.mr\/fr\/wp-json\/wp\/v2\/media?parent=58524"}],"wp:term":[{"taxonomy":"category","embeddable":true,"href":"https:\/\/ami.mr\/fr\/wp-json\/wp\/v2\/categories?post=58524"},{"taxonomy":"post_tag","embeddable":true,"href":"https:\/\/ami.mr\/fr\/wp-json\/wp\/v2\/tags?post=58524"}],"curies":[{"name":"wp","href":"https:\/\/api.w.org\/{rel}","templated":true}]}}