{"id":58523,"date":"2017-01-31T22:07:53","date_gmt":"2017-01-31T22:07:53","guid":{"rendered":"http:\/\/192.168.64.2\/fr\/index.php\/2017\/01\/31\/organisation-dune-journee-de-sensibilisation-des-parlementaires-sur-les-mecanismes-de-lepu\/"},"modified":"2022-07-04T13:37:10","modified_gmt":"2022-07-04T13:37:10","slug":"organisation-dune-journee-de-sensibilisation-des-parlementaires-sur-les-mecanismes-de-lepu","status":"publish","type":"post","link":"https:\/\/ami.mr\/fr\/archives\/58523","title":{"rendered":"Organisation d&#8217;une journ\u00e9e de sensibilisation des parlementaires sur les m\u00e9canismes de l&#8217;EPU"},"content":{"rendered":"<p>Une journ\u00e9e de sensibilisation des parlementaires a \u00e9t\u00e9 conjointement organis\u00e9e, mardi, dans les locaux de l&#8217;Assembl\u00e9e Nationale \u00e0 Nouakchott, par le groupe parlementaire en charge des libert\u00e9s publiques et des droits de l&#8217;Homme et le bureau du Haut Commissariat aux Droits de l&#8217;homme sur la mise en oeuvre des m\u00e9canismes de l&#8217;examen P\u00e9riodique Universel (EPU) et des recommandations y aff\u00e9rant.<\/p>\n<p>Les participants \u00e0 cette journ\u00e9e suivront des expos\u00e9s sur les recommandations relatives aux proc\u00e9dures et m\u00e9canismes suivis en mati\u00e8re de production des rapports de l&#8217;EPU et le r\u00f4le des parlementaires dans l&#8217;application desdites recommandations.<\/p>\n<p>Ouvrant les travaux de cette journ\u00e9e, le premier adjoint du pr\u00e9sident de l&#8217;Assembl\u00e9e Nationale, M. El Khalil Ould Tayib, a indiqu\u00e9 que la Mauritanie est en droit de se f\u00e9liciter de ses r\u00e9alisations en mati\u00e8re de Droits de l&#8217;Hommes au cours des toutes derni\u00e8res ann\u00e9es, citant, \u00e0 titre d&#8217;exemples, le r\u00e8glement du dossier du passif humanitaire, la lutte contre l&#8217;esclavage et l&#8217;\u00e9radication de ses s\u00e9quelles, l&#8217;inexistence de d\u00e9tenus politiques ou d&#8217;opinion sur l&#8217;ensemble du territoire national et le fait que la Mauritanie est actuellement consid\u00e9r\u00e9e leader de la r\u00e9gion arabe en mati\u00e8re de libert\u00e9s de presse.<\/p>\n<p>Pour sa part, le Commissaire aux Droits de l&#8217;Homme et \u00e0 l&#8217;Action Humanitaire, M. Cheikh Tourad Ould Abdel Malick, a pr\u00e9sent\u00e9 un expos\u00e9 d\u00e9taill\u00e9 sur les m\u00e9canismes de l&#8217;examen P\u00e9riodique Universel, les meilleurs permettant de mesurer \u00e0 quel point les Etats respectent leurs engagements en mati\u00e8re des Droits de l&#8217;Homme sur la base de donn\u00e9es objectives et fiables. Il a \u00e9galement soulign\u00e9 que la Mauritanie est actuellement en train de mettre en oeuvre un plan d&#8217;action national visant \u00e0 l&#8217;application des recommandations auxquelles notre pays a adh\u00e9r\u00e9 et ce en partenariat avec le Haut Commissariat des Nations Unies aux Droits de l&#8217;Homme et les acteurs nationaux concern\u00e9s.<\/p>\n<p>Quant \u00e0 la pr\u00e9sidente du groupe parlementaire pour les libert\u00e9s publiques et les droits de l&#8217;Homme, la d\u00e9put\u00e9e Teslem Mint Samba, a d\u00e9clar\u00e9 que la promotion des droits de l&#8217;Homme constitue un objectif primordial pour l&#8217;ensemble des peuples du monde, et la pierre angulaire des diff\u00e9rentes politiques des Etats. Elle a ajout\u00e9 que son groupe parlementaire doublera d&#8217;efforts pour sensibiliser les parlementaires sur le devoir vis-\u00e0-vis des droits de l&#8217;homme et la lutte contre les pratiques sociales r\u00e9put\u00e9es n\u00e9gatives.<\/p>\n<p>A son tour, le repr\u00e9sentant du Haut Commissariat des Nations Unies en Mauritanie, a indiqu\u00e9 que cette rencontre est une occasion pour l&#8217;\u00e9change de points de vue avec les parlementaires et permet de les \u00e9clairer sur les grandes lignes des conventions internationales et les proc\u00e9dures permettant de dresser les rapports sur les droits de l&#8217;Homme.<\/p>\n<p>La rencontre a eu lieu en pr\u00e9sence de la pr\u00e9sidente de la commission nationale pour les Droits de l&#8217;Homme, du conseiller du premier ministre charg\u00e9 des Droits de l&#8217;Homme et le pr\u00e9sident du M\u00e9canisme National pour la Pr\u00e9vention de la Torture.<\/p>\n","protected":false},"excerpt":{"rendered":"<p>Une journ\u00e9e de sensibilisation des parlementaires a \u00e9t\u00e9 conjointement organis\u00e9e, mardi, dans les locaux de l&#8217;Assembl\u00e9e Nationale \u00e0 Nouakchott, par le groupe parlementaire en charge des libert\u00e9s publiques et des droits de l&#8217;Homme et le bureau du Haut Comm<\/p>\n","protected":false},"author":1,"featured_media":0,"comment_status":"closed","ping_status":"closed","sticky":false,"template":"","format":"standard","meta":{"footnotes":""},"categories":[],"tags":[63990,62776,62476],"class_list":["post-58523","post","type-post","status-publish","format-standard","hentry","tag-activites-gouvernementales","tag-nejah","tag-nouakchott"],"_links":{"self":[{"href":"https:\/\/ami.mr\/fr\/wp-json\/wp\/v2\/posts\/58523","targetHints":{"allow":["GET"]}}],"collection":[{"href":"https:\/\/ami.mr\/fr\/wp-json\/wp\/v2\/posts"}],"about":[{"href":"https:\/\/ami.mr\/fr\/wp-json\/wp\/v2\/types\/post"}],"author":[{"embeddable":true,"href":"https:\/\/ami.mr\/fr\/wp-json\/wp\/v2\/users\/1"}],"replies":[{"embeddable":true,"href":"https:\/\/ami.mr\/fr\/wp-json\/wp\/v2\/comments?post=58523"}],"version-history":[{"count":1,"href":"https:\/\/ami.mr\/fr\/wp-json\/wp\/v2\/posts\/58523\/revisions"}],"predecessor-version":[{"id":153366,"href":"https:\/\/ami.mr\/fr\/wp-json\/wp\/v2\/posts\/58523\/revisions\/153366"}],"wp:attachment":[{"href":"https:\/\/ami.mr\/fr\/wp-json\/wp\/v2\/media?parent=58523"}],"wp:term":[{"taxonomy":"category","embeddable":true,"href":"https:\/\/ami.mr\/fr\/wp-json\/wp\/v2\/categories?post=58523"},{"taxonomy":"post_tag","embeddable":true,"href":"https:\/\/ami.mr\/fr\/wp-json\/wp\/v2\/tags?post=58523"}],"curies":[{"name":"wp","href":"https:\/\/api.w.org\/{rel}","templated":true}]}}