{"id":58520,"date":"2017-01-31T21:34:22","date_gmt":"2017-01-31T21:34:22","guid":{"rendered":"http:\/\/192.168.64.2\/fr\/index.php\/2017\/01\/31\/atelier-dappui-des-capacites-des-laboratoires-de-linstitut-national-des-recherches-en-sante-publique-suivant-les-normes-iso\/"},"modified":"2022-07-04T13:37:00","modified_gmt":"2022-07-04T13:37:00","slug":"atelier-dappui-des-capacites-des-laboratoires-de-linstitut-national-des-recherches-en-sante-publique-suivant-les-normes-iso","status":"publish","type":"post","link":"https:\/\/ami.mr\/fr\/archives\/58520","title":{"rendered":"Atelier d&#8217;appui des capacit\u00e9s des laboratoires de l&#8217;institut national des recherches en sant\u00e9 publique suivant les normes ISO"},"content":{"rendered":"<p>Les travaux d&#8217;un atelier de restitution des r\u00e9sultats de l&#8217;appui des capacit\u00e9s techniques des laboratoires de l&#8217;institut national des recherches en sant\u00e9 publique(INESP) suivant les normes ISO 17025 et 15189, relatives au classement des laboratoires de surveillance de la qualit\u00e9 des aliments, de l&#8217;eau et de la biologie m\u00e9dicale ont \u00e9t\u00e9 ouverts mardi \u00e0 Nouakchott.<\/p>\n<p>Il s&#8217;aagit de la pr\u00e9sentation des acquis obtenus dans le domaine d&#8217;accr\u00e9ditation des laboratoires de l&#8217;institut suivant les normes ISO et leur mise en exergue.<\/p>\n<p>Le secr\u00e9taire g\u00e9n\u00e9ral du minist\u00e8re de la sant\u00e9, M. Ahmed Ould Di\u00e9 a soulign\u00e9 l&#8217;importance des garanties offertes pour am\u00e9liorer le diagnostic et la r\u00e9ponse pr\u00e9coce aux risques sanitaires ainsi que pour le d\u00e9pistage des causes de la pollution de l&#8217;eau et des aliments, afin de renforcer les mesures de pr\u00e9vention et de s\u00e9curit\u00e9 sanitaire.<\/p>\n<p>&#8221; Instaurer les normes de la qualit\u00e9 traduit la derni\u00e8re adoption du Conseil des ministres de la cr\u00e9ation du Prix National de la Qualit\u00e9, en ex\u00e9cution aux orientations de Son Excellence le Pr\u00e9sident de la R\u00e9publique Monsieur Mohamed Ould Abdel Aziz et de la politique du gouvernement, \u00e0 travers la mise en place d&#8217;un laboratoire national de m\u00e9trologie et la formation de formateurs nationaux dans les domaines de l&#8217;\u00e9valuation et de l&#8217;audit pour aider les soci\u00e9t\u00e9s nationales int\u00e9ress\u00e9es dans la conformit\u00e9 aux normes ISO &#8221; a-t-il dit<\/p>\n<p>Lui succ\u00e9dant, le directeur de l&#8217;INRSP a rappel\u00e9 la d\u00e9cision prise en 2014 par son \u00e9tablissement, en collaboration avec les partenaires techniques et financiers, d&#8217;int\u00e9grer les normes d&#8217;adoption suivant ISO 17025 et 15189, sur appui du programme allemand TBT.<\/p>\n<p>L&#8217;ouverture des travaux de l&#8217;atelier s&#8217;est d\u00e9roul\u00e9e en pr\u00e9sence des secr\u00e9taires g\u00e9n\u00e9raux des minist\u00e8res de l&#8217;\u00e9conomie et des finances, du commerce, de l&#8217;industrie et du tourisme et de l&#8217;\u00e9levage ainsi que de la pr\u00e9sidente de la communaut\u00e9 urbaine de Nouakchott.<\/p>\n","protected":false},"excerpt":{"rendered":"<p>Les travaux d&#8217;un atelier de restitution des r\u00e9sultats de l&#8217;appui des capacit\u00e9s techniques des laboratoires de l&#8217;institut national des recherches en sant\u00e9 publique(INESP) suivant les normes ISO 17025 et 15189, relatives au classement des laboratoires de s<\/p>\n","protected":false},"author":1,"featured_media":0,"comment_status":"closed","ping_status":"closed","sticky":false,"template":"","format":"standard","meta":{"footnotes":""},"categories":[],"tags":[63990,62776,62476],"class_list":["post-58520","post","type-post","status-publish","format-standard","hentry","tag-activites-gouvernementales","tag-nejah","tag-nouakchott"],"_links":{"self":[{"href":"https:\/\/ami.mr\/fr\/wp-json\/wp\/v2\/posts\/58520","targetHints":{"allow":["GET"]}}],"collection":[{"href":"https:\/\/ami.mr\/fr\/wp-json\/wp\/v2\/posts"}],"about":[{"href":"https:\/\/ami.mr\/fr\/wp-json\/wp\/v2\/types\/post"}],"author":[{"embeddable":true,"href":"https:\/\/ami.mr\/fr\/wp-json\/wp\/v2\/users\/1"}],"replies":[{"embeddable":true,"href":"https:\/\/ami.mr\/fr\/wp-json\/wp\/v2\/comments?post=58520"}],"version-history":[{"count":1,"href":"https:\/\/ami.mr\/fr\/wp-json\/wp\/v2\/posts\/58520\/revisions"}],"predecessor-version":[{"id":153363,"href":"https:\/\/ami.mr\/fr\/wp-json\/wp\/v2\/posts\/58520\/revisions\/153363"}],"wp:attachment":[{"href":"https:\/\/ami.mr\/fr\/wp-json\/wp\/v2\/media?parent=58520"}],"wp:term":[{"taxonomy":"category","embeddable":true,"href":"https:\/\/ami.mr\/fr\/wp-json\/wp\/v2\/categories?post=58520"},{"taxonomy":"post_tag","embeddable":true,"href":"https:\/\/ami.mr\/fr\/wp-json\/wp\/v2\/tags?post=58520"}],"curies":[{"name":"wp","href":"https:\/\/api.w.org\/{rel}","templated":true}]}}