{"id":58515,"date":"2017-01-31T18:52:13","date_gmt":"2017-01-31T18:52:13","guid":{"rendered":"http:\/\/192.168.64.2\/fr\/index.php\/2017\/01\/31\/le-chef-de-letat-sinforme-sur-letat-davancement-des-travaux-de-la-construction-de-notre-ambassade-a-addis-abeba\/"},"modified":"2022-07-04T13:36:54","modified_gmt":"2022-07-04T13:36:54","slug":"le-chef-de-letat-sinforme-sur-letat-davancement-des-travaux-de-la-construction-de-notre-ambassade-a-addis-abeba","status":"publish","type":"post","link":"https:\/\/ami.mr\/fr\/archives\/58515","title":{"rendered":"Le Chef de l&#8217;Etat s&#8217;informe sur l&#8217;\u00e9tat d&#8217;avancement des travaux de la construction de notre ambassade \u00e0 Addis-Abeba"},"content":{"rendered":"<p>Le Pr\u00e9sident de la R\u00e9publique, Son Excellence Monsieur Mohamed Ould Abdel Aziz, s&#8217;est inform\u00e9 mardi, en marge du 28\u00e8me sommet des pr\u00e9sidents et chefs de gouvernements de l&#8217;Union Africaine (UA), de l&#8217;\u00e9tat d&#8217;avancement des travaux de la construction de l&#8217;ambassade mauritanienne \u00e0 Addis-Abeba.<\/p>\n<p>Le b\u00e2timent, dont les travaux sont ex\u00e9cut\u00e9s par une soci\u00e9t\u00e9 chinoise, sous la supervision du minist\u00e8re de l&#8217;habitat, de l&#8217;urbanisme et de l&#8217;am\u00e9nagement du territoire, est compos\u00e9 de trois \u00e9tages. Il abritera \u00e9ventuellement les bureaux de la mission diplomatique et la r\u00e9sidence de l&#8217;ambassadeur.<\/p>\n<p>Sur place, le Chef de l&#8217;Etat a visit\u00e9 les diff\u00e9rentes composantes du chantier et suivi des explications des responsables de la soci\u00e9t\u00e9 en charge de la maitrise d&#8217;ouvrage sur ses diff\u00e9rents volets, leur niveau d&#8217;avancement et les mesures prises pour veiller au respect des normes de qualit\u00e9 des d\u00e9lais d&#8217;ex\u00e9cution.<\/p>\n<p>La r\u00e9alisation de cet \u00e9difice public s&#8217;inscrit dans le cadre de la politique de l&#8217;Etat visant la construction et la r\u00e9novation des r\u00e9sidences des repr\u00e9sentations diplomatiques mauritaniennes \u00e0 l&#8217;\u00e9tranger, afin de r\u00e9duire les charges couteuses de location des si\u00e8ges.<\/p>\n<p>Situ\u00e9 au centre de la capitale \u00e9thiopienne, cet \u00e9difice facilitera \u00e0 la mission diplomatique mauritanienne dans ce pays l&#8217;accomplissement de ses multiples missions: l&#8217;accr\u00e9ditation aupr\u00e8s de la R\u00e9publique F\u00e9d\u00e9rale d\u00e9mocratique d&#8217;Ethiopie et la repr\u00e9sentation du pays au sein de l&#8217;UA et le comit\u00e9 \u00e9conomique des nations unies pour l&#8217;Afrique.<\/p>\n<p>Le Chef de l&#8217;Etat a \u00e9t\u00e9 accueilli sur le site par M. Bass Abou El Abass, Repr\u00e9sentant permanent de la Mauritanie aupr\u00e8s de l&#8217;UA.<\/p>\n","protected":false},"excerpt":{"rendered":"<p>Le Pr\u00e9sident de la R\u00e9publique, Son Excellence Monsieur Mohamed Ould Abdel Aziz, s&#8217;est inform\u00e9 mardi, en marge du 28\u00e8me sommet des pr\u00e9sidents et chefs de gouvernements de l&#8217;Union Africaine (UA), de l&#8217;\u00e9tat d&#8217;avancement des travaux de la construction de l&#8217;am<\/p>\n","protected":false},"author":1,"featured_media":153359,"comment_status":"closed","ping_status":"closed","sticky":false,"template":"","format":"standard","meta":{"footnotes":""},"categories":[],"tags":[63991,62623,63109,62776],"class_list":["post-58515","post","type-post","status-publish","format-standard","has-post-thumbnail","hentry","tag-activites-presidentielles","tag-addis-abeba","tag-ahmedabd","tag-nejah"],"_links":{"self":[{"href":"https:\/\/ami.mr\/fr\/wp-json\/wp\/v2\/posts\/58515","targetHints":{"allow":["GET"]}}],"collection":[{"href":"https:\/\/ami.mr\/fr\/wp-json\/wp\/v2\/posts"}],"about":[{"href":"https:\/\/ami.mr\/fr\/wp-json\/wp\/v2\/types\/post"}],"author":[{"embeddable":true,"href":"https:\/\/ami.mr\/fr\/wp-json\/wp\/v2\/users\/1"}],"replies":[{"embeddable":true,"href":"https:\/\/ami.mr\/fr\/wp-json\/wp\/v2\/comments?post=58515"}],"version-history":[{"count":1,"href":"https:\/\/ami.mr\/fr\/wp-json\/wp\/v2\/posts\/58515\/revisions"}],"predecessor-version":[{"id":153358,"href":"https:\/\/ami.mr\/fr\/wp-json\/wp\/v2\/posts\/58515\/revisions\/153358"}],"wp:featuredmedia":[{"embeddable":true,"href":"https:\/\/ami.mr\/fr\/wp-json\/wp\/v2\/media\/153359"}],"wp:attachment":[{"href":"https:\/\/ami.mr\/fr\/wp-json\/wp\/v2\/media?parent=58515"}],"wp:term":[{"taxonomy":"category","embeddable":true,"href":"https:\/\/ami.mr\/fr\/wp-json\/wp\/v2\/categories?post=58515"},{"taxonomy":"post_tag","embeddable":true,"href":"https:\/\/ami.mr\/fr\/wp-json\/wp\/v2\/tags?post=58515"}],"curies":[{"name":"wp","href":"https:\/\/api.w.org\/{rel}","templated":true}]}}