{"id":58511,"date":"2017-01-31T15:30:22","date_gmt":"2017-01-31T15:30:22","guid":{"rendered":"http:\/\/192.168.64.2\/fr\/index.php\/2017\/01\/31\/le-premier-vice-president-de-lassemblee-nationale-recoit-le-president-de-la-commission-arabe-des-droits-de-lhomme\/"},"modified":"2022-07-04T13:36:48","modified_gmt":"2022-07-04T13:36:48","slug":"le-premier-vice-president-de-lassemblee-nationale-recoit-le-president-de-la-commission-arabe-des-droits-de-lhomme","status":"publish","type":"post","link":"https:\/\/ami.mr\/fr\/archives\/58511","title":{"rendered":"Le premier vice-pr\u00e9sident de l&#8217;Assembl\u00e9e Nationale re\u00e7oit le pr\u00e9sident de la commission arabe des droits de l&#8217;homme"},"content":{"rendered":"<p>Le premier vice-pr\u00e9sident de l&#8217;Assembl\u00e9e Nationale, M. khalil Ould Teyib, a re\u00e7u, mardi \u00e0 Nouakchott, le pr\u00e9sident de la commission arabe des droits de l&#8217;homme, Dr Hadi Ben Ali El Yami qui visite actuellement la Mauritanie.<\/p>\n<p>Durant cet entretien, le premier vice-pr\u00e9sident de l&#8217;Assembl\u00e9e Nationale a mis en relief le r\u00f4le fondamental que joue l&#8217;Assembl\u00e9e Nationale dans le domaine de la protection et la promotion des droits humains \u00e0 travers la mise en oeuvre de lois et textes dans ce domaine.<\/p>\n<p>Le d\u00e9put\u00e9 Khalil Ould Teyib a pass\u00e9 en revue les grandes r\u00e9alisations accomplies par la Mauritanie durant ces derni\u00e8res ann\u00e9es en mati\u00e8re de protection de ces droits. Il a soulign\u00e9 que ces r\u00e9alisations ont largement \u00e9t\u00e9 lou\u00e9es par les institutions nationales et internationales sp\u00e9cialis\u00e9es dans les domaine des droits de l&#8217;homme.<\/p>\n<p>La rencontre s&#8217;est d\u00e9roul\u00e9e en pr\u00e9sence du pr\u00e9sident du groupe parlementaire charg\u00e9 des libert\u00e9s publiques et des droits de l&#8217;homme, de certains membres du groupe ainsi que du secr\u00e9taire g\u00e9n\u00e9ral de l&#8217;Assembl\u00e9e Nationale par int\u00e9rim et des membres de la d\u00e9l\u00e9gation arabe.<\/p>\n","protected":false},"excerpt":{"rendered":"<p>Le premier vice-pr\u00e9sident de l&#8217;Assembl\u00e9e Nationale, M. khalil Ould Teyib, a re\u00e7u, mardi \u00e0 Nouakchott, le pr\u00e9sident de la commission arabe des droits de l&#8217;homme, Dr Hadi Ben Ali El Yami qui visite actuellement la Mauritanie<\/p>\n","protected":false},"author":1,"featured_media":153355,"comment_status":"closed","ping_status":"closed","sticky":false,"template":"","format":"standard","meta":{"footnotes":""},"categories":[],"tags":[63963,62741,62476],"class_list":["post-58511","post","type-post","status-publish","format-standard","has-post-thumbnail","hentry","tag-activites-parlementaires","tag-khweira","tag-nouakchott"],"_links":{"self":[{"href":"https:\/\/ami.mr\/fr\/wp-json\/wp\/v2\/posts\/58511","targetHints":{"allow":["GET"]}}],"collection":[{"href":"https:\/\/ami.mr\/fr\/wp-json\/wp\/v2\/posts"}],"about":[{"href":"https:\/\/ami.mr\/fr\/wp-json\/wp\/v2\/types\/post"}],"author":[{"embeddable":true,"href":"https:\/\/ami.mr\/fr\/wp-json\/wp\/v2\/users\/1"}],"replies":[{"embeddable":true,"href":"https:\/\/ami.mr\/fr\/wp-json\/wp\/v2\/comments?post=58511"}],"version-history":[{"count":1,"href":"https:\/\/ami.mr\/fr\/wp-json\/wp\/v2\/posts\/58511\/revisions"}],"predecessor-version":[{"id":153354,"href":"https:\/\/ami.mr\/fr\/wp-json\/wp\/v2\/posts\/58511\/revisions\/153354"}],"wp:featuredmedia":[{"embeddable":true,"href":"https:\/\/ami.mr\/fr\/wp-json\/wp\/v2\/media\/153355"}],"wp:attachment":[{"href":"https:\/\/ami.mr\/fr\/wp-json\/wp\/v2\/media?parent=58511"}],"wp:term":[{"taxonomy":"category","embeddable":true,"href":"https:\/\/ami.mr\/fr\/wp-json\/wp\/v2\/categories?post=58511"},{"taxonomy":"post_tag","embeddable":true,"href":"https:\/\/ami.mr\/fr\/wp-json\/wp\/v2\/tags?post=58511"}],"curies":[{"name":"wp","href":"https:\/\/api.w.org\/{rel}","templated":true}]}}