{"id":58249,"date":"2017-01-20T11:59:35","date_gmt":"2017-01-20T11:59:35","guid":{"rendered":"http:\/\/192.168.64.2\/fr\/index.php\/2017\/01\/20\/le-president-de-la-republique-et-son-homologue-guineen-tiennent-une-conference-de-presse\/"},"modified":"2022-07-04T13:30:02","modified_gmt":"2022-07-04T13:30:02","slug":"le-president-de-la-republique-et-son-homologue-guineen-tiennent-une-conference-de-presse","status":"publish","type":"post","link":"https:\/\/ami.mr\/fr\/archives\/58249","title":{"rendered":"Le Pr\u00e9sident de la R\u00e9publique et son homologue guin\u00e9en tiennent une conf\u00e9rence de presse"},"content":{"rendered":"<p>Le Pr\u00e9sident de la R\u00e9publique, Monsieur Mohamed Ould Abdel Aziz et son homologue guin\u00e9en, Pr. Alpha Cond\u00e9 ont tenu vendredi matin \u00e0 l&#8217;a\u00e9roport international Oumtounsy de Nouakchott une conf\u00e9rence de presse.<\/p>\n<p>Au cours de cette conf\u00e9rence, les deux Chefs d&#8217;Etat ont abord\u00e9 les derniers d\u00e9veloppements de la situation en Gambie.<\/p>\n<p>Le Pr\u00e9sident de la R\u00e9publique a, pour sa part, pr\u00e9cis\u00e9 que l&#8217;initiative qu&#8217;il a entreprise dans ce pays fr\u00e8re a bien pr\u00e9par\u00e9 le terrain pour une solution pacifique de la crise gambienne.<\/p>\n<p>Il a ajout\u00e9 que le Pr\u00e9sident Yahya Jammeh a exprim\u00e9 sa volont\u00e9 de c\u00e9der en faveur de choix pacifiques en Gambie.<\/p>\n<p>Le Chef de l&#8217;Etat a indiqu\u00e9 que, personnellement, il n&#8217;a pas compris et ne comprendra jamais ce qui est arriv\u00e9 par la suite.<\/p>\n<p>De son c\u00f4t\u00e9, le Pr\u00e9sident guin\u00e9en a appr\u00e9ci\u00e9 l&#8217;initiative de son homologue mauritanien soulignant qu&#8217;elle a pouss\u00e9 les choses vers une solution pacifique qui \u00e9vite au peuple gambien les d\u00e9rives et cela s&#8217;est r\u00e9percut\u00e9 positivement sur la situation dans ce pays.<\/p>\n<p>Il a invit\u00e9 toutes les parties \u00e0 \u00e9viter l&#8217;escalade et \u00e0 r\u00e9pondre aux efforts d\u00e9ploy\u00e9s pour r\u00e8gler le probl\u00e8me gambien.<\/p>\n","protected":false},"excerpt":{"rendered":"<p>Le Pr\u00e9sident de la R\u00e9publique, Monsieur Mohamed Ould Abdel Aziz et son homologue guin\u00e9en, Pr. Alpha Cond\u00e9 ont tenu vendredi matin \u00e0 l&#8217;a\u00e9roport international Oumtounsy de Nouakchott une conf\u00e9rence de presse<\/p>\n","protected":false},"author":1,"featured_media":153093,"comment_status":"closed","ping_status":"closed","sticky":false,"template":"","format":"standard","meta":{"footnotes":""},"categories":[],"tags":[63991,62875,62776,62476],"class_list":["post-58249","post","type-post","status-publish","format-standard","has-post-thumbnail","hentry","tag-activites-presidentielles","tag-mekfoula","tag-nejah","tag-nouakchott"],"_links":{"self":[{"href":"https:\/\/ami.mr\/fr\/wp-json\/wp\/v2\/posts\/58249","targetHints":{"allow":["GET"]}}],"collection":[{"href":"https:\/\/ami.mr\/fr\/wp-json\/wp\/v2\/posts"}],"about":[{"href":"https:\/\/ami.mr\/fr\/wp-json\/wp\/v2\/types\/post"}],"author":[{"embeddable":true,"href":"https:\/\/ami.mr\/fr\/wp-json\/wp\/v2\/users\/1"}],"replies":[{"embeddable":true,"href":"https:\/\/ami.mr\/fr\/wp-json\/wp\/v2\/comments?post=58249"}],"version-history":[{"count":1,"href":"https:\/\/ami.mr\/fr\/wp-json\/wp\/v2\/posts\/58249\/revisions"}],"predecessor-version":[{"id":153092,"href":"https:\/\/ami.mr\/fr\/wp-json\/wp\/v2\/posts\/58249\/revisions\/153092"}],"wp:featuredmedia":[{"embeddable":true,"href":"https:\/\/ami.mr\/fr\/wp-json\/wp\/v2\/media\/153093"}],"wp:attachment":[{"href":"https:\/\/ami.mr\/fr\/wp-json\/wp\/v2\/media?parent=58249"}],"wp:term":[{"taxonomy":"category","embeddable":true,"href":"https:\/\/ami.mr\/fr\/wp-json\/wp\/v2\/categories?post=58249"},{"taxonomy":"post_tag","embeddable":true,"href":"https:\/\/ami.mr\/fr\/wp-json\/wp\/v2\/tags?post=58249"}],"curies":[{"name":"wp","href":"https:\/\/api.w.org\/{rel}","templated":true}]}}