{"id":57303,"date":"2016-12-12T15:15:49","date_gmt":"2016-12-12T15:15:49","guid":{"rendered":"http:\/\/192.168.64.2\/fr\/index.php\/2016\/12\/12\/sen-tenir-aux-valeurs-authentiques-qui-ont-uni-toutes-les-composantes-de-notre-peuple\/"},"modified":"2022-07-04T13:05:56","modified_gmt":"2022-07-04T13:05:56","slug":"sen-tenir-aux-valeurs-authentiques-qui-ont-uni-toutes-les-composantes-de-notre-peuple","status":"publish","type":"post","link":"https:\/\/ami.mr\/fr\/archives\/57303","title":{"rendered":"&#8220;S&#8217;en tenir aux valeurs authentiques qui ont uni toutes les composantes de notre peuple&#8221;"},"content":{"rendered":"<p>D\u00e9clare le Pr\u00e9sident de la R\u00e9publique Le Pr\u00e9sident de la R\u00e9publique, Monsieur Mohamed Ould Abdel Aziz, en lan\u00e7ant lundi matin la 6\u00e8me \u00e9dition du Festival des villes anciennes, a appel\u00e9 \u00e0 la valorisation de notre patrimoine culturel; au renforcement de notre coh\u00e9sion nationale et \u00e0 l&#8217;exploitation de nos potentialit\u00e9s culturelles et historiques pour construire un Etat moderne qui fait recouvrer \u00e0 la Mauritanie sa gloire d&#8217;antan et renforce son r\u00f4le aujourd&#8217;hui.<\/p>\n<p>Voici le texte int\u00e9gral de ce discours:<\/p>\n<p>&#8220;Chers habitants de la cit\u00e9 historique de Ouadane;<\/p>\n<p>Honorable assistance des diff\u00e9rentes wilaya et villes du pays;<\/p>\n<p>Honorables invit\u00e9s<\/p>\n<p>Citoyens, citoyennes;<\/p>\n<p>Je voudrais au d\u00e9but adresser mes remerciements aux populations de Ouadane et \u00e0 tous les citoyens qui sont venus de tous les coins du pays pour l&#8217;accueil chaleureux qu&#8217;ils nous ont r\u00e9serv\u00e9s tout comme je les f\u00e9licite tous ainsi que tout le peuple mauritanien \u00e0 l&#8217;occasion de la f\u00eate marquant l&#8217;anniversaire de la naissance du Proph\u00e8te (Paix et Salut sur Lui) qui a apport\u00e9 la bonne nouvelle au monde entier et dont le message sacr\u00e9 de l&#8217;Islam a constitu\u00e9 un tournant historique ayant sorti l&#8217;humanit\u00e9 des t\u00e9n\u00e8bres de l&#8217;ignorance vers la lumi\u00e8re de la croyance.<\/p>\n<p>Le choix de cette comm\u00e9moration de la naissance du Proph\u00e8te (PSL) pour lancer les manifestations du Festival des villes anciennes, traduit l&#8217;attachement de notre soci\u00e9t\u00e9 musulmane \u00e0 ses valeurs et aux ensignements de notre Sainte religion l&#8217;Islam qui a r\u00e9uni les diff\u00e9rentes composantes de notre peuple autour de la tol\u00e9rance, de la solidarit\u00e9 et pour faire face aux querelles intestines et \u00e0 l&#8217;extr\u00e9misme et la violence.<\/p>\n<p>Nos Ul\u00e9mas et nos commer\u00e7ants des villes anciennes en particulier de Ouadane, la cit\u00e9 du savoir et de l&#8217;action, ont port\u00e9 ce message de tol\u00e9rance et de nobles valeurs \u00e0 tous les coins de la plan\u00e8te.<\/p>\n<p>Alors fut lanc\u00e9, \u00e0 partir de ces contr\u00e9es, l&#8217;action qui va rayonner tous azimuths, port\u00e9e par des Ul\u00e9mas qui joignent l&#8217;action \u00e0 la th\u00e9orie et dont la r\u00e9putation a d\u00e9pass\u00e9 les fronti\u00e8res du continent et les oeuvres constitu\u00e9 des r\u00e9f\u00e9rences pour les chercheurs.<\/p>\n<p>Ainsi ces villes anciennes sont devenues, par le g\u00e9nie de leurs habitants des centres de rayonnement de la civilisation formant des Ul\u00e9mas et par le commerce caravanier Nord &#8211; Sud des p\u00f4les de d\u00e9veloppement \u00e9conomique.<\/p>\n<p>Honorable assistance;<\/p>\n<p>Le Festival des villes anciennes, dont nous ouvrons aujourd&#8217;hui la 6\u00e8me \u00e9dition, est devenu une manifestation annuelle o\u00f9 les citoyens de toutes les r\u00e9gions du pays affluent pour revivifier le patrimoine menac\u00e9 d&#8217;extinction; exposer la diversit\u00e9 de notre culture et de nos arts et oeuvrer \u00e0 promouvoir les activit\u00e9s \u00e9conomiques de nos villes anciennes qui ont souffert de la marginalisation et que l&#8217;oubli, \u00e0 cause de ce d\u00e9laissement, a failli faire sombrer dans le n\u00e9ant.<\/p>\n<p>C&#8217;est l&#8217;occasion de souligner le g\u00e9nie national \u00e0 travers les multiples manifestations o\u00f9 comp\u00e9tissent les participants des diff\u00e9rentes wilaya du pays.<\/p>\n<p>Le Festival joue aussi un grand r\u00f4le dans la dynamisation du circuit \u00e9conomique des cit\u00e9s historiques et dans l&#8217;appui aux activit\u00e9s g\u00e9n\u00e9ratrices de revenus ainsi que dans la promotion du tourisme, ce qui ne manquera pas de se r\u00e9percuter positivement sur la vie de leurs habitants et contribuer au d\u00e9veloppement de leurs infrastructures \u00e9conomiques.<\/p>\n<p>Honorable assistance,<\/p>\n<p>Nous sommes soucieux de garder notre patrimoine et de pr\u00e9server notre identit\u00e9. Aussi, \u00e0 cette occasion, j&#8217;invite tous les citoyens \u00e0 s&#8217;en tenir \u00e0 nos valeurs authentiques qui ont uni toutes les composantes de notre peuple dans un seul cadre de fraternit\u00e9, d&#8217;unit\u00e9 et de lutte contre tout comportement en contradiction avec ces valeurs comme la gabegie, le sectarisme et autres pr\u00e9jug\u00e9s \u00e9troits.<\/p>\n<p>Enfin, je ne peux terminer sans renouveler mes remerciements aux populations de Ouadane et \u00e0 tous les citoyens des diff\u00e9rentes wilaya qui ont afflu\u00e9 de toutes parts pour participer \u00e0 cette manifestation d&#8217;envergure nationale.<\/p>\n<p>Sur ce, je d\u00e9clare le lancement des manifestations de la 6\u00e8me \u00e9dition du Festival des villes anciennes, en lui souhaitant plein succ\u00e8s.<\/p>\n<p>Je vous remercie.<\/p>\n<p>Wassalamou Aleykoum Warahmatoullahi Wa Barakatouhou.<\/p>\n","protected":false},"excerpt":{"rendered":"<p>D\u00e9clare le Pr\u00e9sident de la R\u00e9publique Le Pr\u00e9sident de la R\u00e9publique, Monsieur Mohamed Ould Abdel Aziz, en lan\u00e7ant lundi matin la 6\u00e8me \u00e9dition du Festival des villes anciennes, a ap<\/p>\n","protected":false},"author":1,"featured_media":152147,"comment_status":"closed","ping_status":"closed","sticky":false,"template":"","format":"standard","meta":{"footnotes":""},"categories":[],"tags":[63991,62875,62495,62747],"class_list":["post-57303","post","type-post","status-publish","format-standard","has-post-thumbnail","hentry","tag-activites-presidentielles","tag-mekfoula","tag-ouadane","tag-s_bechire"],"_links":{"self":[{"href":"https:\/\/ami.mr\/fr\/wp-json\/wp\/v2\/posts\/57303","targetHints":{"allow":["GET"]}}],"collection":[{"href":"https:\/\/ami.mr\/fr\/wp-json\/wp\/v2\/posts"}],"about":[{"href":"https:\/\/ami.mr\/fr\/wp-json\/wp\/v2\/types\/post"}],"author":[{"embeddable":true,"href":"https:\/\/ami.mr\/fr\/wp-json\/wp\/v2\/users\/1"}],"replies":[{"embeddable":true,"href":"https:\/\/ami.mr\/fr\/wp-json\/wp\/v2\/comments?post=57303"}],"version-history":[{"count":1,"href":"https:\/\/ami.mr\/fr\/wp-json\/wp\/v2\/posts\/57303\/revisions"}],"predecessor-version":[{"id":152146,"href":"https:\/\/ami.mr\/fr\/wp-json\/wp\/v2\/posts\/57303\/revisions\/152146"}],"wp:featuredmedia":[{"embeddable":true,"href":"https:\/\/ami.mr\/fr\/wp-json\/wp\/v2\/media\/152147"}],"wp:attachment":[{"href":"https:\/\/ami.mr\/fr\/wp-json\/wp\/v2\/media?parent=57303"}],"wp:term":[{"taxonomy":"category","embeddable":true,"href":"https:\/\/ami.mr\/fr\/wp-json\/wp\/v2\/categories?post=57303"},{"taxonomy":"post_tag","embeddable":true,"href":"https:\/\/ami.mr\/fr\/wp-json\/wp\/v2\/tags?post=57303"}],"curies":[{"name":"wp","href":"https:\/\/api.w.org\/{rel}","templated":true}]}}