{"id":57298,"date":"2016-12-12T11:41:59","date_gmt":"2016-12-12T11:41:59","guid":{"rendered":"http:\/\/192.168.64.2\/fr\/index.php\/2016\/12\/12\/le-chef-de-letat-supervise-louverture-de-la-6eme-edition-du-festival-des-villes-anciennes\/"},"modified":"2022-07-04T13:05:50","modified_gmt":"2022-07-04T13:05:50","slug":"le-chef-de-letat-supervise-louverture-de-la-6eme-edition-du-festival-des-villes-anciennes","status":"publish","type":"post","link":"https:\/\/ami.mr\/fr\/archives\/57298","title":{"rendered":"Le Chef de l&#8217;Etat supervise l&#8217;ouverture de la 6\u00e8me \u00e9dition du Festival des villes anciennes"},"content":{"rendered":"<p>Le Pr\u00e9sident de la R\u00e9publique, Son Excellence Monsieur Mohamed Ould Abdel Aziz, a supervis\u00e9 lundi matin \u00e0 Ouadane la c\u00e9r\u00e9monie de lancement des activit\u00e9s du Festival des villes anciennes.<\/p>\n<p>Le Chef de l&#8217;Etat a, dans ce cadre re\u00e7u des mains du maire de Ouadane les clefs de cette cit\u00e9 en reconnaissance du r\u00f4le qu&#8217;il a jou\u00e9 pour que la ville ancienne recouvre son rayonnement d&#8217;antan.<\/p>\n<p>Cette manifestation culturelle annuelle est fond\u00e9e sur la vision strat\u00e9gique du Pr\u00e9sident de la R\u00e9publique qui prend en compte l&#8217;interaction entre le patrimoine culturel et naturel d&#8217;une part et le d\u00e9veloppement \u00e9conomique et social de l&#8217;autre dans ces cit\u00e9s. A cela s&#8217;ajoute le souci de la protection et de la maintenance de leurs potentialit\u00e9s en mati\u00e8re de d\u00e9veloppement \u00e9conomique local sans compter la promotion des produits touristiques au sein de ces villes et le renforcement des liens entre elles.<\/p>\n<p>La c\u00e9r\u00e9monie d&#8217;ouverture s&#8217;est d\u00e9roul\u00e9e en pr\u00e9sence du wali de l&#8217;Adrar, du ministre de la culture et de l&#8217;artisanat, porte parole officiel du gouvernement, de plusieurs membres du gouvernement, de hautes personnalit\u00e9s de l&#8217;Etat, des membres du corps diplomatique, des autorit\u00e9s administratives et municipales, des \u00e9lus de la moughataa de Ouadane et de nombreux invit\u00e9s.<\/p>\n","protected":false},"excerpt":{"rendered":"<p>Le Pr\u00e9sident de la R\u00e9publique, Son Excellence Monsieur Mohamed Ould Abdel Aziz, a supervis\u00e9 lundi matin \u00e0 Ouadane la c\u00e9r\u00e9monie de lancement des activit\u00e9s du Festival des villes anciennes<\/p>\n","protected":false},"author":1,"featured_media":152142,"comment_status":"closed","ping_status":"closed","sticky":false,"template":"","format":"standard","meta":{"footnotes":""},"categories":[],"tags":[63991,62875,62495,62747],"class_list":["post-57298","post","type-post","status-publish","format-standard","has-post-thumbnail","hentry","tag-activites-presidentielles","tag-mekfoula","tag-ouadane","tag-s_bechire"],"_links":{"self":[{"href":"https:\/\/ami.mr\/fr\/wp-json\/wp\/v2\/posts\/57298","targetHints":{"allow":["GET"]}}],"collection":[{"href":"https:\/\/ami.mr\/fr\/wp-json\/wp\/v2\/posts"}],"about":[{"href":"https:\/\/ami.mr\/fr\/wp-json\/wp\/v2\/types\/post"}],"author":[{"embeddable":true,"href":"https:\/\/ami.mr\/fr\/wp-json\/wp\/v2\/users\/1"}],"replies":[{"embeddable":true,"href":"https:\/\/ami.mr\/fr\/wp-json\/wp\/v2\/comments?post=57298"}],"version-history":[{"count":1,"href":"https:\/\/ami.mr\/fr\/wp-json\/wp\/v2\/posts\/57298\/revisions"}],"predecessor-version":[{"id":152141,"href":"https:\/\/ami.mr\/fr\/wp-json\/wp\/v2\/posts\/57298\/revisions\/152141"}],"wp:featuredmedia":[{"embeddable":true,"href":"https:\/\/ami.mr\/fr\/wp-json\/wp\/v2\/media\/152142"}],"wp:attachment":[{"href":"https:\/\/ami.mr\/fr\/wp-json\/wp\/v2\/media?parent=57298"}],"wp:term":[{"taxonomy":"category","embeddable":true,"href":"https:\/\/ami.mr\/fr\/wp-json\/wp\/v2\/categories?post=57298"},{"taxonomy":"post_tag","embeddable":true,"href":"https:\/\/ami.mr\/fr\/wp-json\/wp\/v2\/tags?post=57298"}],"curies":[{"name":"wp","href":"https:\/\/api.w.org\/{rel}","templated":true}]}}