{"id":57264,"date":"2016-12-09T21:58:10","date_gmt":"2016-12-09T21:58:10","guid":{"rendered":"http:\/\/192.168.64.2\/fr\/index.php\/2016\/12\/09\/nouakchott-sud-commemore-la-journee-mondiale-de-lutte-contre-la-corruption\/"},"modified":"2022-07-04T13:05:03","modified_gmt":"2022-07-04T13:05:03","slug":"nouakchott-sud-commemore-la-journee-mondiale-de-lutte-contre-la-corruption","status":"publish","type":"post","link":"https:\/\/ami.mr\/fr\/archives\/57264","title":{"rendered":"Nouakchott Sud comm\u00e9more la journ\u00e9e mondiale de lutte contre la corruption"},"content":{"rendered":"<p>Le wali de Nouakchott Sud, M. M&#8217;Rabih Rabou Bounena Abidine, a tenu vendredi une r\u00e9union, dans les locaux des wilayas, en pr\u00e9sence des hakems, des maires, des chefs des services r\u00e9gionaux et des repr\u00e9sentants de la soci\u00e9t\u00e9 civile dans le cadre de la c\u00e9l\u00e9bration de la journ\u00e9e mondiale de lutte contre la corruption.<\/p>\n<p>Le wali a inscrit l&#8217;objectif de cette r\u00e9union, dans la sensibilisation de l&#8217;opinion publique sur les dangers de la corruption, en tant que mal n\u00e9faste \u00e0 l&#8217;int\u00e9r\u00eat de la soci\u00e9t\u00e9.<\/p>\n<p>Il a rappel\u00e9, \u00e9galement, le point de vue religieux sur la corruption.<\/p>\n<p>Le Proph\u00e8te Paix et Salut sur Lui dit &#8221; Mal\u00e9diction pour le corrupteur et le corrompu &#8221; a soulign\u00e9 le wali, affirmant que la pratiquer prive certains de leurs droits et offre \u00e0 d&#8217;autres des droits qui ne leur appartiennent pas.<\/p>\n<p>Il a appel\u00e9, \u00e9galement, les participants \u00e0 cette r\u00e9union \u00e0 oeuvrer pour susciter une prise de conscience de la soci\u00e9t\u00e9 sur les impacts n\u00e9gatifs de la corruption, \u00e0 la fois sur la soci\u00e9t\u00e9 et l&#8217;\u00e9conomie nationale, demandant \u00e0 tous de bien accomplir leurs devoirs.<\/p>\n","protected":false},"excerpt":{"rendered":"<p>Le wali de Nouakchott Sud, M. M&#8217;Rabih Rabou Bounena Abidine, a tenu vendredi une r\u00e9union, dans les locaux des wilayas, en pr\u00e9sence des hakems, des maires, des chefs des services r\u00e9gionaux et des repr\u00e9sentants de la soci\u00e9t\u00e9 civile dans le cadre de la c\u00e9l\u00e9b<\/p>\n","protected":false},"author":1,"featured_media":0,"comment_status":"closed","ping_status":"closed","sticky":false,"template":"","format":"standard","meta":{"footnotes":""},"categories":[25],"tags":[62476,62747],"class_list":["post-57264","post","type-post","status-publish","format-standard","hentry","category-25","tag-nouakchott","tag-s_bechire"],"_links":{"self":[{"href":"https:\/\/ami.mr\/fr\/wp-json\/wp\/v2\/posts\/57264","targetHints":{"allow":["GET"]}}],"collection":[{"href":"https:\/\/ami.mr\/fr\/wp-json\/wp\/v2\/posts"}],"about":[{"href":"https:\/\/ami.mr\/fr\/wp-json\/wp\/v2\/types\/post"}],"author":[{"embeddable":true,"href":"https:\/\/ami.mr\/fr\/wp-json\/wp\/v2\/users\/1"}],"replies":[{"embeddable":true,"href":"https:\/\/ami.mr\/fr\/wp-json\/wp\/v2\/comments?post=57264"}],"version-history":[{"count":1,"href":"https:\/\/ami.mr\/fr\/wp-json\/wp\/v2\/posts\/57264\/revisions"}],"predecessor-version":[{"id":152107,"href":"https:\/\/ami.mr\/fr\/wp-json\/wp\/v2\/posts\/57264\/revisions\/152107"}],"wp:attachment":[{"href":"https:\/\/ami.mr\/fr\/wp-json\/wp\/v2\/media?parent=57264"}],"wp:term":[{"taxonomy":"category","embeddable":true,"href":"https:\/\/ami.mr\/fr\/wp-json\/wp\/v2\/categories?post=57264"},{"taxonomy":"post_tag","embeddable":true,"href":"https:\/\/ami.mr\/fr\/wp-json\/wp\/v2\/tags?post=57264"}],"curies":[{"name":"wp","href":"https:\/\/api.w.org\/{rel}","templated":true}]}}