{"id":57262,"date":"2016-12-09T21:52:18","date_gmt":"2016-12-09T21:52:18","guid":{"rendered":"http:\/\/192.168.64.2\/fr\/index.php\/2016\/12\/09\/nouakchott-ouest-commemore-la-journee-mondiale-de-lutte-contre-la-corruption\/"},"modified":"2022-07-04T13:05:00","modified_gmt":"2022-07-04T13:05:00","slug":"nouakchott-ouest-commemore-la-journee-mondiale-de-lutte-contre-la-corruption","status":"publish","type":"post","link":"https:\/\/ami.mr\/fr\/archives\/57262","title":{"rendered":"Nouakchott Ouest comm\u00e9more la journ\u00e9e mondiale de lutte contre la corruption"},"content":{"rendered":"<p>Le wali de Nouakchott Ouest, M. Mahi Ould Hamed a tenu vendredi une r\u00e9union, dans les locaux des wilayas, en pr\u00e9sence des hakems, des maires, des chefs des services r\u00e9gionaux et des repr\u00e9sentants de la soci\u00e9t\u00e9 civile dans le cadre de la c\u00e9l\u00e9bration de la journ\u00e9e mondiale de lutte contre la corruption.<\/p>\n<p>Le wali a mis en exergue, \u00e0 cette occasion, la prise de conscience des citoyens des pouvoirs publics, des dangers de la corruption, en tant qu&#8217;obstacle au d\u00e9veloppement.<\/p>\n<p>Il a rappel\u00e9 la strat\u00e9gie nationale mise en place dans la lutte contre ce ph\u00e9nom\u00e8ne conform\u00e9ment aux instructions de Son Excellence le Pr\u00e9sident de la R\u00e9publique, Monsieur Mohamed Ould Abdel Aziz, ex\u00e9cut\u00e9es par le gouvernement du Premier ministre Yahya Ould Hademine.<\/p>\n<p>La corruption est un mal qui touche quasiment tous les Etats du monde et qui entrave tout d\u00e9veloppement appel\u00e9 \u00e0 s&#8217;\u00e9panouir, a dit le wali, citant certains de ses aspects dont le trafic d&#8217;influence et appel\u00e9 tous \u00e0 engager une lutte irr\u00e9versible contre ce ph\u00e9nom\u00e8ne.<\/p>\n<p>La r\u00e9union s&#8217;est d\u00e9roul\u00e9e en pr\u00e9sence des autorit\u00e9s administratives et s\u00e9curitaires.<\/p>\n","protected":false},"excerpt":{"rendered":"<p>Le wali de Nouakchott Ouest, M. Mahi Ould Hamed a tenu vendredi une r\u00e9union, dans les locaux des wilayas, en pr\u00e9sence des hakems, des maires, des chefs des services r\u00e9gionaux et des repr\u00e9sentants de la soci\u00e9t\u00e9 civile dans le cadre de la c\u00e9l\u00e9bration de la<\/p>\n","protected":false},"author":1,"featured_media":0,"comment_status":"closed","ping_status":"closed","sticky":false,"template":"","format":"standard","meta":{"footnotes":""},"categories":[25],"tags":[62476,62747],"class_list":["post-57262","post","type-post","status-publish","format-standard","hentry","category-25","tag-nouakchott","tag-s_bechire"],"_links":{"self":[{"href":"https:\/\/ami.mr\/fr\/wp-json\/wp\/v2\/posts\/57262","targetHints":{"allow":["GET"]}}],"collection":[{"href":"https:\/\/ami.mr\/fr\/wp-json\/wp\/v2\/posts"}],"about":[{"href":"https:\/\/ami.mr\/fr\/wp-json\/wp\/v2\/types\/post"}],"author":[{"embeddable":true,"href":"https:\/\/ami.mr\/fr\/wp-json\/wp\/v2\/users\/1"}],"replies":[{"embeddable":true,"href":"https:\/\/ami.mr\/fr\/wp-json\/wp\/v2\/comments?post=57262"}],"version-history":[{"count":1,"href":"https:\/\/ami.mr\/fr\/wp-json\/wp\/v2\/posts\/57262\/revisions"}],"predecessor-version":[{"id":152105,"href":"https:\/\/ami.mr\/fr\/wp-json\/wp\/v2\/posts\/57262\/revisions\/152105"}],"wp:attachment":[{"href":"https:\/\/ami.mr\/fr\/wp-json\/wp\/v2\/media?parent=57262"}],"wp:term":[{"taxonomy":"category","embeddable":true,"href":"https:\/\/ami.mr\/fr\/wp-json\/wp\/v2\/categories?post=57262"},{"taxonomy":"post_tag","embeddable":true,"href":"https:\/\/ami.mr\/fr\/wp-json\/wp\/v2\/tags?post=57262"}],"curies":[{"name":"wp","href":"https:\/\/api.w.org\/{rel}","templated":true}]}}