{"id":56396,"date":"2016-11-08T20:22:39","date_gmt":"2016-11-08T20:22:39","guid":{"rendered":"http:\/\/192.168.64.2\/fr\/index.php\/2016\/11\/08\/le-ministre-de-la-sante-visite-le-centre-de-traumatologie-et-de-traitement-de-grandes-brulures\/"},"modified":"2022-07-04T12:42:46","modified_gmt":"2022-07-04T12:42:46","slug":"le-ministre-de-la-sante-visite-le-centre-de-traumatologie-et-de-traitement-de-grandes-brulures","status":"publish","type":"post","link":"https:\/\/ami.mr\/fr\/archives\/56396","title":{"rendered":"Le ministre de la Sant\u00e9 visite le Centre de Traumatologie et de Traitement de Grandes br\u00fblures"},"content":{"rendered":"<p>Le ministre de la Sant\u00e9, Pr Kane Boubacar, a visit\u00e9, mardi \u00e0 Nouakchott, le Centre de Traumatologie et de Traitement de Grandes br\u00fblures.<\/p>\n<p>Cette visite avait pour objectif de s&#8217;enqu\u00e9rir du d\u00e9roulement de la mission m\u00e9dicale de quatre jours qui effectue actuellement une s\u00e9rie d&#8217;op\u00e9rations d&#8217;implantation de proth\u00e8ses pour les malades atteints de dysfonctionnement moteur.<\/p>\n<p>Le ministre s&#8217;est rendu dans les diff\u00e9rentes chambres d&#8217;hospitalisation pour s&#8217;informer de l&#8217;\u00e9tat de sant\u00e9 des malades, de la qualit\u00e9 de leur prise en charge du bon d\u00e9roulement des op\u00e9rations qu&#8217;ils ont subies.<\/p>\n<p>Cette mission qui se compose de sp\u00e9cialistes espagnols et marocains, s&#8217;inscrit dans le cadre d&#8217;une convention entre le Centre National Hospitalier et la soci\u00e9t\u00e9 espagnole, SURGIVAL.<\/p>\n<p>Au titre de cette convention, SURGIVAL devra introduire et d\u00e9velopper en Mauritanie la technique de proth\u00e8se de la hanche et du genou \u00e0 travers la formation de sp\u00e9cialistes orthop\u00e9distes mauritaniens et la fourniture de consommables de proth\u00e8ses. A cet effet, elle devra organiser trois missions par an et favoriser le transfert de comp\u00e9tences.<\/p>\n","protected":false},"excerpt":{"rendered":"<p>Le ministre de la Sant\u00e9, Pr Kane Boubacar, a visit\u00e9, mardi \u00e0 Nouakchott, le Centre de Traumatologie et de Traitement de Grandes br\u00fblures.<\/p>\n<p>Cette visite avait pour objectif de s&#8217;enqu\u00e9rir du d\u00e9roulement de la mission m\u00e9dicale de quatre jours qui effectue<\/p>\n","protected":false},"author":1,"featured_media":151240,"comment_status":"closed","ping_status":"closed","sticky":false,"template":"","format":"standard","meta":{"footnotes":""},"categories":[],"tags":[63990,62476,62747],"class_list":["post-56396","post","type-post","status-publish","format-standard","has-post-thumbnail","hentry","tag-activites-gouvernementales","tag-nouakchott","tag-s_bechire"],"_links":{"self":[{"href":"https:\/\/ami.mr\/fr\/wp-json\/wp\/v2\/posts\/56396","targetHints":{"allow":["GET"]}}],"collection":[{"href":"https:\/\/ami.mr\/fr\/wp-json\/wp\/v2\/posts"}],"about":[{"href":"https:\/\/ami.mr\/fr\/wp-json\/wp\/v2\/types\/post"}],"author":[{"embeddable":true,"href":"https:\/\/ami.mr\/fr\/wp-json\/wp\/v2\/users\/1"}],"replies":[{"embeddable":true,"href":"https:\/\/ami.mr\/fr\/wp-json\/wp\/v2\/comments?post=56396"}],"version-history":[{"count":1,"href":"https:\/\/ami.mr\/fr\/wp-json\/wp\/v2\/posts\/56396\/revisions"}],"predecessor-version":[{"id":151239,"href":"https:\/\/ami.mr\/fr\/wp-json\/wp\/v2\/posts\/56396\/revisions\/151239"}],"wp:featuredmedia":[{"embeddable":true,"href":"https:\/\/ami.mr\/fr\/wp-json\/wp\/v2\/media\/151240"}],"wp:attachment":[{"href":"https:\/\/ami.mr\/fr\/wp-json\/wp\/v2\/media?parent=56396"}],"wp:term":[{"taxonomy":"category","embeddable":true,"href":"https:\/\/ami.mr\/fr\/wp-json\/wp\/v2\/categories?post=56396"},{"taxonomy":"post_tag","embeddable":true,"href":"https:\/\/ami.mr\/fr\/wp-json\/wp\/v2\/tags?post=56396"}],"curies":[{"name":"wp","href":"https:\/\/api.w.org\/{rel}","templated":true}]}}