{"id":53627,"date":"2016-06-09T17:12:58","date_gmt":"2016-06-09T17:12:58","guid":{"rendered":"http:\/\/192.168.64.2\/fr\/index.php\/2016\/06\/09\/inauguration-dune-mosquee-a-teyarett\/"},"modified":"2022-07-04T11:37:06","modified_gmt":"2022-07-04T11:37:06","slug":"inauguration-dune-mosquee-a-teyarett","status":"publish","type":"post","link":"https:\/\/ami.mr\/fr\/archives\/53627","title":{"rendered":"Inauguration d&#8217;une mosqu\u00e9e \u00e0 Teyarett"},"content":{"rendered":"<p>Le ministre des Affaires islamiques et de l&#8217;Enseignement originel, M. Ahmed Ould Ehel Daoud, a proc\u00e9d\u00e9, aujourd&#8217;hui jeudi en d\u00e9but d&#8217;apr\u00e8s-midi; \u00e0 l&#8217;inauguration d&#8217;une mosqu\u00e9e d\u00e9nomm\u00e9e &#8220;Meilleur est bien celui qui a appris le Coran et transmis sa connaissance&#8221;, construite sut une aire de 800 m2 dans la moughataa de Teyarett.<\/p>\n<p>A cette occasion le ministre des Affaires islamiques et de l&#8217;Enseignement originel a prononc\u00e9 une allocution dans laquelle il a indiqu\u00e9 que la construction de cette mosqu\u00e9e et celle de tous les autres \u00e9difices religieux s&#8217;inscrivent dans le cadre d&#8217;une s\u00e9rie d&#8217;activit\u00e9s \u00e0 dimensions multiples. Le Choix du mois de Ramadan pour cette inauguration n&#8217;est pas fortuit a-t-il dit, pr\u00e9cisant qu&#8217;il s&#8217;agit l\u00e0 d&#8217;une volont\u00e9 d\u00e9lib\u00e9r\u00e9e pour animer ce mois b\u00e9ni, \u00e9mailler ses nuits et ses journ\u00e9es de bonnes actions et intensifier les conf\u00e9rences et d\u00e9bats pour ancrer davantage les valeurs islamiques fond\u00e9es sur l&#8217;approche m\u00e9diane, la tol\u00e9rance et la compr\u00e9hension.<\/p>\n<p>Il a ajout\u00e9 que ces valeurs que tous les Mauritaniens ont en partage sont au c ur des pr\u00e9occupations du Pr\u00e9sident de la R\u00e9publique Monsieur Mohamed Ould Abdel Aziz qui n&#8217;a eu de cesse d&#8217;impulser la dynamique de revalorisation des principes religieux, d&#8217;accorder un int\u00e9r\u00eat particulier aux Imams de mosqu\u00e9es, aux Cheikhs de mahadras et \u00e0 la r\u00e9alisation d&#8217;un socle solide de propagation de l&#8217;Islam et de renforcement des valeurs qu&#8217;il porte en tant que fondement du projet global de soci\u00e9t\u00e9 auquel tient le Chef de l&#8217;Etat.<\/p>\n<p>Pour sa part, l&#8217;Imam de mosqu\u00e9e, M. Mohamed Salem OuldMerehba a rappel\u00e9 le r\u00f4le pionnier que la mosqu\u00e9e a jou\u00e9 non seulement en tant que lieu de culte rassembleur mais aussi en tant que lieu privil\u00e9gi\u00e9 d&#8217;acquisition de savoir (r\u00e9citation du Coran et des Hadiths, Sira du proph\u00e8te, ex\u00e9g\u00e8se des textes religieux, \u00e9tude du figh, de l&#8217;arabe, de la grammaire et de la rh\u00e9torique,<\/p>\n","protected":false},"excerpt":{"rendered":"<p>Le ministre des Affaires islamiques et de l&#8217;Enseignement originel, M. Ahmed Ould Ehel Daoud, a proc\u00e9d\u00e9, aujourd&#8217;hui jeudi en d\u00e9but d&#8217;apr\u00e8s-midi; \u00e0 l&#8217;inauguration d&#8217;une mosqu\u00e9e d\u00e9nomm\u00e9e &#8220;Meilleur est bien celui qui a appris le Coran et transmis sa connaiss<\/p>\n","protected":false},"author":1,"featured_media":148469,"comment_status":"closed","ping_status":"closed","sticky":false,"template":"","format":"standard","meta":{"footnotes":""},"categories":[],"tags":[63990,62875,62476],"class_list":["post-53627","post","type-post","status-publish","format-standard","has-post-thumbnail","hentry","tag-activites-gouvernementales","tag-mekfoula","tag-nouakchott"],"_links":{"self":[{"href":"https:\/\/ami.mr\/fr\/wp-json\/wp\/v2\/posts\/53627","targetHints":{"allow":["GET"]}}],"collection":[{"href":"https:\/\/ami.mr\/fr\/wp-json\/wp\/v2\/posts"}],"about":[{"href":"https:\/\/ami.mr\/fr\/wp-json\/wp\/v2\/types\/post"}],"author":[{"embeddable":true,"href":"https:\/\/ami.mr\/fr\/wp-json\/wp\/v2\/users\/1"}],"replies":[{"embeddable":true,"href":"https:\/\/ami.mr\/fr\/wp-json\/wp\/v2\/comments?post=53627"}],"version-history":[{"count":1,"href":"https:\/\/ami.mr\/fr\/wp-json\/wp\/v2\/posts\/53627\/revisions"}],"predecessor-version":[{"id":148468,"href":"https:\/\/ami.mr\/fr\/wp-json\/wp\/v2\/posts\/53627\/revisions\/148468"}],"wp:featuredmedia":[{"embeddable":true,"href":"https:\/\/ami.mr\/fr\/wp-json\/wp\/v2\/media\/148469"}],"wp:attachment":[{"href":"https:\/\/ami.mr\/fr\/wp-json\/wp\/v2\/media?parent=53627"}],"wp:term":[{"taxonomy":"category","embeddable":true,"href":"https:\/\/ami.mr\/fr\/wp-json\/wp\/v2\/categories?post=53627"},{"taxonomy":"post_tag","embeddable":true,"href":"https:\/\/ami.mr\/fr\/wp-json\/wp\/v2\/tags?post=53627"}],"curies":[{"name":"wp","href":"https:\/\/api.w.org\/{rel}","templated":true}]}}