{"id":53621,"date":"2016-06-09T13:30:39","date_gmt":"2016-06-09T13:30:39","guid":{"rendered":"http:\/\/192.168.64.2\/fr\/index.php\/2016\/06\/09\/la-ministre-de-lagriculture-la-mauritanie-a-mis-en-oeuvre-une-strategie-efficiente-pour-la-promotion-dune-agriculture-competitive\/"},"modified":"2022-07-04T11:36:57","modified_gmt":"2022-07-04T11:36:57","slug":"la-ministre-de-lagriculture-la-mauritanie-a-mis-en-oeuvre-une-strategie-efficiente-pour-la-promotion-dune-agriculture-competitive","status":"publish","type":"post","link":"https:\/\/ami.mr\/fr\/archives\/53621","title":{"rendered":"La ministre de l&#8217;Agriculture: La Mauritanie a mis en oeuvre une strat\u00e9gie efficiente pour la promotion d&#8217;une agriculture comp\u00e9titive"},"content":{"rendered":"<p>L&#8217;Assembl\u00e9e nationale a consacr\u00e9 sa pl\u00e9ni\u00e8re tenue mercredi apr\u00e8s-midi sous la pr\u00e9sidence du d\u00e9put\u00e9 Mohamed Ould Boilil, pr\u00e9sident de cette chambre parlementaire, aux r\u00e9ponses de la ministre de l&#8217;agriculture, Mme Lemina Mint El Kotob Ould Moma \u00e0 la question orale pos\u00e9e par le d\u00e9put\u00e9 Ahmed Ould Baba.<\/p>\n<p>Le d\u00e9put\u00e9 a \u00e9voqu\u00e9 dans sa question l&#8217;importance de la s\u00e9curit\u00e9 alimentaire pour les Etats et sa pertinence dans leur existence et leur stabilit\u00e9.<\/p>\n<p>Il a pr\u00e9cis\u00e9, dans ce cadre, que le Pr\u00e9sident de la R\u00e9publique qui a vite compris cette approche, a mobilis\u00e9 d&#8217;importantes ressources financi\u00e8res, pour la r\u00e9alisation des objectifs fix\u00e9s en la mati\u00e8re.<\/p>\n<p>Le d\u00e9put\u00e9 a exprim\u00e9 son regret que la Mauritanie n&#8217;a pu jusqu&#8217;ici r\u00e9aliser son autosuffisance alimentaire, malgr\u00e9 toutes les r\u00e9formes engag\u00e9es. Il a, dans ce cadre, demand\u00e9 \u00e0 la ministre de clarifier la strat\u00e9gie engag\u00e9e visant la r\u00e9forme de son d\u00e9partement.<\/p>\n<p>En r\u00e9ponse, la ministre de l&#8217;agriculture a mis en relief la situation du secteur dans ses aspects histoire, r\u00e9alit\u00e9 et perspectives.<\/p>\n<p>Elle a pr\u00e9cis\u00e9 que ce secteur a connu plusieurs contraintes structurelles durant plusieurs d\u00e9cennies qui l&#8217;ont emp\u00each\u00e9 de s&#8217;int\u00e9grer dans le tissu \u00e9conomique du pays, surtout dans le domaine de la s\u00e9curit\u00e9 alimentaire et la lutte contre la pauvret\u00e9.<\/p>\n<p>Elle a soulign\u00e9 que parmi ces contraintes figurent la mauvaise gouvernance et l&#8217;absence de politiques strat\u00e9gique claires, en plus du poids de la dette sur les agriculteurs et prestataires du secteur, la faiblesse de l&#8217;irrigu\u00e9 et des installations hydroagricoles.<\/p>\n<p>La ministre a ajout\u00e9 qu&#8217;apr\u00e8s avoir proc\u00e9d\u00e9 \u00e0 l&#8217;identification de toute la probl\u00e9matique du secteur, en conformit\u00e9 avec la vision \u00e9clair\u00e9e du Pr\u00e9sident de la R\u00e9publique, Monsieur Mohamed Ould Abdel Aziz, la question de la s\u00e9curit\u00e9 alimentaire et la lutte contre la pauvret\u00e9 constituent d\u00e9sormais des composantes essentielles de toutes les politiques sectorielles du gouvernement.<\/p>\n<p>La ministre a pr\u00e9cis\u00e9, dans ce cadre, que plusieurs mesures ont \u00e9t\u00e9 engag\u00e9es par le secteur pour la r\u00e9alisation de programmes pluridisciplinaires visant la r\u00e9duction des produits import\u00e9s, tels que le riz, le bl\u00e9 et les l\u00e9gumes.<\/p>\n<p>Elle a relev\u00e9 que les programmes ex\u00e9cut\u00e9s au cours des derni\u00e8res ann\u00e9es sont caract\u00e9ris\u00e9s par un int\u00e9r\u00eat \u00e9vident pour le d\u00e9veloppement durable bas\u00e9 sur une approche pertinente visant la promotion et le suivi des campagnes agricoles et la cr\u00e9ation d&#8217;un cadre incitatif en faveur des agriculteurs ainsi que l&#8217;am\u00e9nagement des superficies agricoles, le r\u00e8glement des arri\u00e9r\u00e9s des agriculteurs et la poursuite de la r\u00e9formes fonci\u00e8res en vue de donner une nouvelle impulsion \u00e0 l&#8217;irrigu\u00e9 et \u00e0 l&#8217;introduction de la culture fourrag\u00e8re.<\/p>\n<p>La ministre a pass\u00e9 en revue les r\u00e9alisations accomplies au niveau du secteur agricole, citant, entre autres, le canal Aftout Es Sahli dont les travaux, portant sur 55 kilom\u00e8tres, permettront l&#8217;exploitation de 20 000 hectares.<\/p>\n<p>Les r\u00e9alisations concernent \u00e9galement des travaux de canalisation, d&#8217;assainissement en vue d&#8217;une meilleure fluidit\u00e9 des eaux pour mieux assurer une bonne irrigation des am\u00e9nagements agricoles ainsi que la mise en place d&#8217;installations pour la ma\u00eetrise de l&#8217;eau et le d\u00e9senclavement des zones de production.<\/p>\n<p>Elle a ajout\u00e9 que les r\u00e9alisations portent aussi sur la construction, la r\u00e9habilitation de 65 barrages et 2156 digues de retenue d&#8217;eau, l&#8217;\u00e9tude relative \u00e0 la construction de 5 nouveaux grands barrages, la distribution de 4439 kilom\u00e8tres de grillage et de sillage pour la protection de 986 zones agricoles ainsi que la distribution de mat\u00e9riel agricole.<\/p>\n<p>La ministre a en outre soulign\u00e9 l&#8217;introduction de la culture irrigu\u00e9e du bl\u00e9 et l&#8217;appui \u00e0 cette exp\u00e9rience dans les zones pluviales, la promotion du mara\u00eechage et l&#8217;introduction des cultures industrielles dans le syst\u00e8me agricole, la promotion du partenariat public-priv\u00e9 dans ce domaine.<\/p>\n<p>Elle a indiqu\u00e9 que toutes ces mesures ont permis de renforcer notre s\u00e9curit\u00e9 alimentaire \u00e0 travers l&#8217;accroissement appr\u00e9ciable de la production agricole, pr\u00e9cisant qu&#8217;au cours de la campagne agricole 2014-2015, la production du riz paddy a atteint 293218 tonnes, soit 85% des besoins nationaux en cette denr\u00e9e.<\/p>\n<p>S&#8217;agissant des c\u00e9r\u00e9ales, la ministre a indiqu\u00e9 que la production a \u00e9t\u00e9 de 78640 tonnes, soit 35% des besoins nationaux, cela en plus de l&#8217;augmentation significative de la production mara\u00eech\u00e8re.<\/p>\n<p>Mme Lemina Mint El Kotob Ould Moma a not\u00e9 que ces r\u00e9sultats ont \u00e9t\u00e9 rendus possibles, malgr\u00e9 la crise \u00e9conomique et financi\u00e8re que conna\u00eet le monde, gr\u00e2ce \u00e0 l&#8217;appui constant accord\u00e9 aux politiques agricoles par le Pr\u00e9sident de la R\u00e9publique qui a toujours veill\u00e9 \u00e0 leur bonne ex\u00e9cution.<\/p>\n<p>La ministre a mis en relief les modalit\u00e9s d&#8217;appui aux r\u00e9alisations ainsi que les d\u00e9fis \u00e0 relever en vue d&#8217;une meilleure promotion du secteur.<\/p>\n<p>Pour cela, la strat\u00e9gie du d\u00e9veloppement du secteur agricole a \u00e9t\u00e9 renforc\u00e9e par une loi d&#8217;orientation agricole, ainsi que par un programme du d\u00e9veloppement sectoriel 2016-2025 et un plan triennal englobant l&#8217;ex\u00e9cution de plusieurs programmes.<\/p>\n<p>Elle a r\u00e9affirm\u00e9 que l&#8217;\u00e9tat veillera \u00e0 toujours porter appui aux agriculteurs et \u00e0 les accompagner dans toutes les \u00e9tapes de la production.<\/p>\n<p>La ministre a \u00e9galement abord\u00e9 les diff\u00e9rentes composantes de la strat\u00e9gie suivie pour l&#8217;am\u00e9lioration de la production du riz dans ses aspects appui aux intrants et la garantie de la commercialisation d&#8217;une importante quantit\u00e9 de la production ainsi que la poursuite des efforts dans le domaine des am\u00e9nagements agricoles.<\/p>\n<p>La ministre a rappel\u00e9 les mesures prises par l&#8217;\u00e9tat en 2015 consacrant l&#8217;organisation des journ\u00e9es consultatives autour des diff\u00e9rentes cha\u00eenes de production, de traitement, de commercialisation de la fili\u00e8re riz, en plus de la protection de la production nationale contre la concurrence \u00e9trang\u00e8re \u00e0 travers l&#8217;augmentation de la taxe sur le riz pour limiter son importation, ainsi que le contr\u00f4le des fronti\u00e8res et l&#8217;achat des quantit\u00e9s importantes de la production du riz au profit des programmes sociaux tout en veillant \u00e0 la cr\u00e9ation des relations tripartites entre le producteur, l&#8217;industrie et le commer\u00e7ant en plus de l&#8217;augmentation des usines de d\u00e9corticage capables de traiter les quantit\u00e9s produites. Ces mesures ont permis de r\u00e9aliser d&#8217;importants r\u00e9sultats.<\/p>\n<p>La ministre de l&#8217;agriculture a enfin r\u00e9affirm\u00e9 dans son intervention que le choix strategique adopt\u00e9 par le Pr\u00e9sident de la R\u00e9publique, Son Excellence Monsieur Mohamed Ould Abdel Aziz pour la garantie de la s\u00e9curit\u00e9 alimentaire constitue, la voie royale pour p\u00e9renniser la valorisation de nos ressources naturelles par une implication effective du citoyen dans le processus du d\u00e9veloppement.<\/p>\n<p>De leur cot\u00e9 les d\u00e9put\u00e9s ont appr\u00e9ci\u00e9, dans leurs interventions, les performances accomplies par le secteur agricole au cours des derni\u00e8res ann\u00e9es et ayant obtenu des r\u00e9sultats importants en termes de quantit\u00e9 et de qualit\u00e9 du produit.<\/p>\n","protected":false},"excerpt":{"rendered":"<p>L&#8217;Assembl\u00e9e nationale a consacr\u00e9 sa pl\u00e9ni\u00e8re tenue mercredi apr\u00e8s-midi sous la pr\u00e9sidence du d\u00e9put\u00e9 Mohamed Ould Boilil, pr\u00e9sident de cette chambre parlementaire, aux r\u00e9ponses de la ministre de l&#8217;agriculture, Mme Lemina Mint El Kotob Ould Moma \u00e0 la questi<\/p>\n","protected":false},"author":1,"featured_media":148463,"comment_status":"closed","ping_status":"closed","sticky":false,"template":"","format":"standard","meta":{"footnotes":""},"categories":[],"tags":[63990,62741,62985,62476],"class_list":["post-53621","post","type-post","status-publish","format-standard","has-post-thumbnail","hentry","tag-activites-gouvernementales","tag-khweira","tag-nafa","tag-nouakchott"],"_links":{"self":[{"href":"https:\/\/ami.mr\/fr\/wp-json\/wp\/v2\/posts\/53621","targetHints":{"allow":["GET"]}}],"collection":[{"href":"https:\/\/ami.mr\/fr\/wp-json\/wp\/v2\/posts"}],"about":[{"href":"https:\/\/ami.mr\/fr\/wp-json\/wp\/v2\/types\/post"}],"author":[{"embeddable":true,"href":"https:\/\/ami.mr\/fr\/wp-json\/wp\/v2\/users\/1"}],"replies":[{"embeddable":true,"href":"https:\/\/ami.mr\/fr\/wp-json\/wp\/v2\/comments?post=53621"}],"version-history":[{"count":1,"href":"https:\/\/ami.mr\/fr\/wp-json\/wp\/v2\/posts\/53621\/revisions"}],"predecessor-version":[{"id":148462,"href":"https:\/\/ami.mr\/fr\/wp-json\/wp\/v2\/posts\/53621\/revisions\/148462"}],"wp:featuredmedia":[{"embeddable":true,"href":"https:\/\/ami.mr\/fr\/wp-json\/wp\/v2\/media\/148463"}],"wp:attachment":[{"href":"https:\/\/ami.mr\/fr\/wp-json\/wp\/v2\/media?parent=53621"}],"wp:term":[{"taxonomy":"category","embeddable":true,"href":"https:\/\/ami.mr\/fr\/wp-json\/wp\/v2\/categories?post=53621"},{"taxonomy":"post_tag","embeddable":true,"href":"https:\/\/ami.mr\/fr\/wp-json\/wp\/v2\/tags?post=53621"}],"curies":[{"name":"wp","href":"https:\/\/api.w.org\/{rel}","templated":true}]}}