{"id":52904,"date":"2016-05-09T18:44:30","date_gmt":"2016-05-09T18:44:30","guid":{"rendered":"http:\/\/192.168.64.2\/fr\/index.php\/2016\/05\/09\/ouverture-de-la-deuxieme-session-ordinaire-pour-lannee-parlementaire-2015-2016-au-niveau-de-lassemblee-nationale\/"},"modified":"2022-07-04T11:19:14","modified_gmt":"2022-07-04T11:19:14","slug":"ouverture-de-la-deuxieme-session-ordinaire-pour-lannee-parlementaire-2015-2016-au-niveau-de-lassemblee-nationale","status":"publish","type":"post","link":"https:\/\/ami.mr\/fr\/archives\/52904","title":{"rendered":"Ouverture de la deuxi\u00e8me session ordinaire pour l&#8217;ann\u00e9e parlementaire 2015\/2016 au niveau de l&#8217;Assembl\u00e9e Nationale"},"content":{"rendered":"<p>Les travaux de la deuxi\u00e8me session parlementaire 2015\/2016 ont \u00e9t\u00e9 ouverts, lundi, au niveau de l&#8217;Assembl\u00e9e Nationale par le Pr\u00e9sident de cette chambre, M. Mohamed Ould Boilil.<\/p>\n<p>Ces travaux qui se sont d\u00e9roul\u00e9s en pr\u00e9sence de plusieurs membres du gouvernement ont \u00e9t\u00e9 marqu\u00e9s par un important discours prononc\u00e9 par le Pr\u00e9sident de l&#8217;Assembl\u00e9e nationale dans lequel il a appel\u00e9 tous \u00e0 engager &#8220;une discussion franche et sans conditions des diff\u00e9rents points de vues et propositions sur la probl\u00e9matique du d\u00e9veloppement dansz le cadre de la concertation \u00e9largie \u00e0 laquelle nous a constamment convi\u00e9e le Pr\u00e9sident de la R\u00e9publique&#8221;.<\/p>\n<p>Voici le texte int\u00e9gral de ce discours:<\/p>\n<p>&#8221; Messieurs les ministres ;<\/p>\n<p>Messieurs les d\u00e9put\u00e9s ;<\/p>\n<p>Mesdames, Messieurs ;<\/p>\n<p>Nous voil\u00e0 de nouveau r\u00e9unis \u00e0 l&#8217;occasion de la pr\u00e9sente session au cours de laquelle nous allons nous consacrer \u00e0 la r\u00e9ussite pleine et enti\u00e8re de la mission qui est n\u00f4tre et dont l&#8217;un des enjeux majeurs consiste \u00e0 relever les d\u00e9fis auxquels nous sommes confront\u00e9s.<\/p>\n<p>Notre conscience des \u00e9normes difficult\u00e9s auxquelles le d\u00e9veloppement de notre pays doit faire face n&#8217;a d&#8217;\u00e9gal que notre d\u00e9termination \u00e0 les transcender, inspir\u00e9s en cela par l&#8217;ampleur des r\u00e9alisations accomplies ces derni\u00e8res ann\u00e9es mais aussi par le potentiel humain dont nous disposons et les ressources naturelles dont l&#8217;exploitation rationnelle a d\u00e9montr\u00e9 r\u00e9cemment l&#8217;importance en tant que facteur d\u00e9cisif dans l&#8217;\u00e9volution du pays.<\/p>\n<p>Coll\u00e8gues d\u00e9put\u00e9s ;<\/p>\n<p>Permettez-moi, de vous inviter et \u00e0 travers vous la classe politique dans son ensemble \u00e0 participer chacun \u00e0 partir de la position qu&#8217;il occupe, \u00e0 ces chantiers en construction qui ont vu le jour ici et l\u00e0 et dont les retomb\u00e9es b\u00e9n\u00e9fiques se font d\u00e9j\u00e0 sentir au niveau des populations comme l&#8217;attestent \u00e0 l&#8217;\u00e9vidence les donn\u00e9es disponibles et la r\u00e9alit\u00e9 des projets ex\u00e9cut\u00e9s.<\/p>\n<p>Il est dans notre pouvoir \u00e0 tous de contribuer \u00e0 l&#8217;accomplissement de ce devoir \u00e0 travers une discussion franche et sans conditions des diff\u00e9rents points de vues et propositions sur la probl\u00e9matique du d\u00e9veloppement dans le cadre de la concertation \u00e9largie \u00e0 laquelle nous a constamment convi\u00e9e le Pr\u00e9sident de la R\u00e9publique, Son Excellence Monsieur Mohamed Ould Abdel Aziz et dont il a annonc\u00e9 pour tr\u00e8s bient\u00f4t l&#8217;ouverture des assises lors du meeting de N\u00e9ma. <\/p>\n<p>Cette large concertation doit, en principe, consacrer la r\u00e9vision du syst\u00e8me parlementaire \u00e0 deux chambres en instaurant un parlement mieux adapt\u00e9 et ouvrir la voie \u00e0 une d\u00e9centralisation plus aboutie de nature \u00e0 rapprocher davantage les services des citoyens et faciliter une r\u00e9partition \u00e9quitable des fruits de la croissance entre les diff\u00e9rentes r\u00e9gions du pays.<\/p>\n<p>Coll\u00e8gues d\u00e9put\u00e9s ;<\/p>\n<p>Conform\u00e9ment \u00e0 l&#8217;article 52 de la Constitution et l&#8217;article 56 du r\u00e8glement int\u00e9rieur de l&#8217;Assembl\u00e9e nationale, je d\u00e9clare ouverte la deuxi\u00e8me session parlementaire ordinaire pour l&#8217;ann\u00e9e 2015 &#8211; 2016.<\/p>\n<p>Je vous souhaite plein succ\u00e8s.<\/p>\n<p>Je vous remercie&#8221;.<\/p>\n","protected":false},"excerpt":{"rendered":"<p>Les travaux de la deuxi\u00e8me session parlementaire 2015\/2016 ont \u00e9t\u00e9 ouverts, lundi, au niveau de l&#8217;Assembl\u00e9e Nationale par le Pr\u00e9sident de cette chambre, M. Mohamed Ould Boilil.<\/p>\n","protected":false},"author":1,"featured_media":147746,"comment_status":"closed","ping_status":"closed","sticky":false,"template":"","format":"standard","meta":{"footnotes":""},"categories":[],"tags":[63963,62763,62476],"class_list":["post-52904","post","type-post","status-publish","format-standard","has-post-thumbnail","hentry","tag-activites-parlementaires","tag-dija","tag-nouakchott"],"_links":{"self":[{"href":"https:\/\/ami.mr\/fr\/wp-json\/wp\/v2\/posts\/52904","targetHints":{"allow":["GET"]}}],"collection":[{"href":"https:\/\/ami.mr\/fr\/wp-json\/wp\/v2\/posts"}],"about":[{"href":"https:\/\/ami.mr\/fr\/wp-json\/wp\/v2\/types\/post"}],"author":[{"embeddable":true,"href":"https:\/\/ami.mr\/fr\/wp-json\/wp\/v2\/users\/1"}],"replies":[{"embeddable":true,"href":"https:\/\/ami.mr\/fr\/wp-json\/wp\/v2\/comments?post=52904"}],"version-history":[{"count":1,"href":"https:\/\/ami.mr\/fr\/wp-json\/wp\/v2\/posts\/52904\/revisions"}],"predecessor-version":[{"id":147745,"href":"https:\/\/ami.mr\/fr\/wp-json\/wp\/v2\/posts\/52904\/revisions\/147745"}],"wp:featuredmedia":[{"embeddable":true,"href":"https:\/\/ami.mr\/fr\/wp-json\/wp\/v2\/media\/147746"}],"wp:attachment":[{"href":"https:\/\/ami.mr\/fr\/wp-json\/wp\/v2\/media?parent=52904"}],"wp:term":[{"taxonomy":"category","embeddable":true,"href":"https:\/\/ami.mr\/fr\/wp-json\/wp\/v2\/categories?post=52904"},{"taxonomy":"post_tag","embeddable":true,"href":"https:\/\/ami.mr\/fr\/wp-json\/wp\/v2\/tags?post=52904"}],"curies":[{"name":"wp","href":"https:\/\/api.w.org\/{rel}","templated":true}]}}