{"id":52900,"date":"2016-05-09T15:54:59","date_gmt":"2016-05-09T15:54:59","guid":{"rendered":"http:\/\/192.168.64.2\/fr\/index.php\/2016\/05\/09\/la-ministre-deleguee-aupres-du-ministre-des-affaires-etrangeres-senquiert-de-la-situation-de-notre-colonie-en-espagne\/"},"modified":"2022-07-04T11:19:08","modified_gmt":"2022-07-04T11:19:08","slug":"la-ministre-deleguee-aupres-du-ministre-des-affaires-etrangeres-senquiert-de-la-situation-de-notre-colonie-en-espagne","status":"publish","type":"post","link":"https:\/\/ami.mr\/fr\/archives\/52900","title":{"rendered":"La ministre d\u00e9l\u00e9gu\u00e9e aupr\u00e8s du ministre des affaires \u00e9trang\u00e8res s&#8217;enquiert de la situation de notre colonie en Espagne"},"content":{"rendered":"<p>La ministre d\u00e9l\u00e9gu\u00e9e aupr\u00e8s du ministre des affaires \u00e9trang\u00e8res et de la coop\u00e9ration charg\u00e9e des affaires maghr\u00e9bines, africaines et des mauritaniens de l&#8217;\u00e9tranger, Mme Khadijetou Mbareck Fall, a tenu vendredi \u00e0 Madrid une r\u00e9union \u00e9largie aux repr\u00e9sentants de la colonie mauritanienne r\u00e9sidant en Espagne en vue de s&#8217;enqu\u00e9rir de l&#8217;\u00e9tat de la situation de notre colonie r\u00e9sidant dans ce pays et des probl\u00e8mes auxquels elle fait face.<\/p>\n<p>Il s&#8217;agit aussi de discuter des moyens permettant d&#8217;aboutir \u00e0 des solutions appropri\u00e9es et adapt\u00e9es aux probl\u00e8mes pos\u00e9s \u00e0 ces concitoyens.<\/p>\n<p>La ministre a, au cours de la r\u00e9union, pr\u00e9sent\u00e9 des explications, les plus compl\u00e8tes possibles sur les diff\u00e9rets sujets \u00e9voqu\u00e9s au cours de la r\u00e9union par les repr\u00e9sentants de la colonie, les exhortant \u00e0 davantage de responsabilit\u00e9 et \u00e0 veiller \u00e0 am\u00e9liorer l&#8217;image de notre pays \u00e0 l&#8217;ext\u00e9rieur.<\/p>\n<p>Elle a pass\u00e9 en revue la politique suivie dans le domaine touchant les mauritaniens de l&#8217;\u00e9tranger et veillant \u00e0 garantir leur int\u00e9grit\u00e9 physique et leur s\u00e9curit\u00e9 en application des orientations du Pr\u00e9sident de la R\u00e9publique, Monsieur Mohamed Ould Abdel Aziz.<\/p>\n<p>A son tour, l&#8217;ambassadeur de Mauritanie en Espagne, M. Sidi Ali Ould Sidi Ali, a exprim\u00e9 la disponibilit\u00e9 du staff de l&#8217;ambassade \u00e0 oeuvrer avec les repr\u00e9sentants de la colonie \u00e0 aider \u00e0 am\u00e9liorer les conditions de vie de nos ressortissants en Espagne.<\/p>\n<p>La r\u00e9union s&#8217;est d\u00e9roul\u00e9e en pr\u00e9sence de M. Mohamed Saleck Ould Ahmed Banoumou, directeur de la communication au minist\u00e8re des affaires \u00e9trabg\u00e8res et de la coop\u00e9ration et du staff de notre ambassade en Espagne.<\/p>\n","protected":false},"excerpt":{"rendered":"<p>La ministre d\u00e9l\u00e9gu\u00e9e aupr\u00e8s du ministre des affaires \u00e9trang\u00e8res et de la coop\u00e9ration charg\u00e9e des affaires maghr\u00e9bines, africaines et des mauritaniens de l&#8217;\u00e9tranger, Mme Khadijetou<\/p>\n","protected":false},"author":1,"featured_media":147742,"comment_status":"closed","ping_status":"closed","sticky":false,"template":"","format":"standard","meta":{"footnotes":""},"categories":[],"tags":[63990,62732,62747],"class_list":["post-52900","post","type-post","status-publish","format-standard","has-post-thumbnail","hentry","tag-activites-gouvernementales","tag-madrid","tag-s_bechire"],"_links":{"self":[{"href":"https:\/\/ami.mr\/fr\/wp-json\/wp\/v2\/posts\/52900","targetHints":{"allow":["GET"]}}],"collection":[{"href":"https:\/\/ami.mr\/fr\/wp-json\/wp\/v2\/posts"}],"about":[{"href":"https:\/\/ami.mr\/fr\/wp-json\/wp\/v2\/types\/post"}],"author":[{"embeddable":true,"href":"https:\/\/ami.mr\/fr\/wp-json\/wp\/v2\/users\/1"}],"replies":[{"embeddable":true,"href":"https:\/\/ami.mr\/fr\/wp-json\/wp\/v2\/comments?post=52900"}],"version-history":[{"count":1,"href":"https:\/\/ami.mr\/fr\/wp-json\/wp\/v2\/posts\/52900\/revisions"}],"predecessor-version":[{"id":147741,"href":"https:\/\/ami.mr\/fr\/wp-json\/wp\/v2\/posts\/52900\/revisions\/147741"}],"wp:featuredmedia":[{"embeddable":true,"href":"https:\/\/ami.mr\/fr\/wp-json\/wp\/v2\/media\/147742"}],"wp:attachment":[{"href":"https:\/\/ami.mr\/fr\/wp-json\/wp\/v2\/media?parent=52900"}],"wp:term":[{"taxonomy":"category","embeddable":true,"href":"https:\/\/ami.mr\/fr\/wp-json\/wp\/v2\/categories?post=52900"},{"taxonomy":"post_tag","embeddable":true,"href":"https:\/\/ami.mr\/fr\/wp-json\/wp\/v2\/tags?post=52900"}],"curies":[{"name":"wp","href":"https:\/\/api.w.org\/{rel}","templated":true}]}}