{"id":52899,"date":"2016-05-09T15:30:06","date_gmt":"2016-05-09T15:30:06","guid":{"rendered":"http:\/\/192.168.64.2\/fr\/index.php\/2016\/05\/09\/atelier-de-formation-et-de-sensibilisation-des-assistants-sociaux\/"},"modified":"2022-07-04T11:18:56","modified_gmt":"2022-07-04T11:18:56","slug":"atelier-de-formation-et-de-sensibilisation-des-assistants-sociaux","status":"publish","type":"post","link":"https:\/\/ami.mr\/fr\/archives\/52899","title":{"rendered":"Atelier de formation et de sensibilisation des assistants sociaux"},"content":{"rendered":"<p>La direction de la protection juridique de l&#8217;enfant, relevant du minist\u00e8re de la justice, a organis\u00e9 lundi matin \u00e0 Nouakchott, en collaboration avec l&#8217;UNICEF, un atelier de formation et de sensibilisation des assistants sociaux exer\u00e7ant dans ledit minist\u00e8re.<\/p>\n<p>Les participants \u00e0 cet atelier, de cinq jours, suivront des expos\u00e9s et des interventions relatives aux diff\u00e9rents domaines li\u00e9s au m\u00e9tier d&#8217;assistant social, tels que la psychologie des enfants et les conventions nationales et internationales relatives aux droits de l&#8217;enfant.<\/p>\n<p>Dans un mot prononc\u00e9 \u00e0 cette occasion, le secr\u00e9taire g\u00e9n\u00e9ral du minist\u00e8re de la justice, M. Mohamed Lemine Ould sidi Baba a indiqu\u00e9 que le projet de soci\u00e9t\u00e9 auquel aspire le Pr\u00e9sident de la R\u00e9publique, Son Excellence Monsieur Mohamed Ould Abdel Aziz, cible toutes les franges et cat\u00e9gories de la soci\u00e9t\u00e9 mauritanienne et accorde une importance capitale aux enfants en conflit avec la loi \u00e0 travers la fourniture de l&#8217;assistance qui leur permet de restaurer leur statut normal dans la soci\u00e9t\u00e9.<\/p>\n<p>Il a ensuite ajout\u00e9 que le gouvernement oeuvre pour la protection et la r\u00e9habilitation des enfants, en particulier ceux faisant face aux difficult\u00e9s mat\u00e9rielles ou psychiques en pourvoyant \u00e0 leurs besoins mat\u00e9riels et moraux qui leur permettent de faire face aux exigences de la p\u00e9riode de vie qu&#8217;ils traversent.<\/p>\n<p>Le secr\u00e9taire g\u00e9n\u00e9ral a ensuite not\u00e9 que l&#8217;organisation de cette session intervient en r\u00e9ponse aux besoins exprim\u00e9s des assistants sociaux dans le domaine de formation th\u00e9orique par l&#8217;acquisition de comp\u00e9tences et de connaissances scientifiques et professionnelles n\u00e9cessaires pour l&#8217;accomplissement de leurs missions.<\/p>\n<p>Il a enfin indiqu\u00e9 que le minist\u00e8re a fourni l&#8217;expertise n\u00e9cessaire qui permettra de bien comprendre la mission d&#8217;assistance sociale, appelant les participants \u00e0 profiter de l&#8217;opportunit\u00e9 offerte pour accro\u00eetre leurs connaissances, en particulier dans les domaines du diagnostic et de suivi afin d&#8217;am\u00e9liorer leur rendement.<\/p>\n<p>Pour sa part, Mme Laura Bill, repr\u00e9sentante adjointe de l&#8217;UNICEF a soulign\u00e9 l&#8217;importance de cet atelier pour sensibiliser les assistants sociaux autour de leurs r\u00f4les.<\/p>\n<p>La c\u00e9r\u00e9monie d&#8217;ouverture de cet atelier s&#8217;est d\u00e9roul\u00e9e en pr\u00e9sence de l&#8217;inspecteur g\u00e9n\u00e9ral de l&#8217;administration judiciaire et des prisons et du directeur de la production judiciaire des enfants.<\/p>\n","protected":false},"excerpt":{"rendered":"<p>La direction de la protection juridique de l&#8217;enfant, relevant du minist\u00e8re de la justice, a organis\u00e9 lundi matin \u00e0 Nouakchott, en collaboration avec l&#8217;UNICEF, un atelier de formation et de sensibilisation des assistants sociaux exer\u00e7ant dans ledit minist\u00e8<\/p>\n","protected":false},"author":1,"featured_media":0,"comment_status":"closed","ping_status":"closed","sticky":false,"template":"","format":"standard","meta":{"footnotes":""},"categories":[],"tags":[62476,62747,63996],"class_list":["post-52899","post","type-post","status-publish","format-standard","hentry","tag-nouakchott","tag-s_bechire","tag-societe"],"_links":{"self":[{"href":"https:\/\/ami.mr\/fr\/wp-json\/wp\/v2\/posts\/52899","targetHints":{"allow":["GET"]}}],"collection":[{"href":"https:\/\/ami.mr\/fr\/wp-json\/wp\/v2\/posts"}],"about":[{"href":"https:\/\/ami.mr\/fr\/wp-json\/wp\/v2\/types\/post"}],"author":[{"embeddable":true,"href":"https:\/\/ami.mr\/fr\/wp-json\/wp\/v2\/users\/1"}],"replies":[{"embeddable":true,"href":"https:\/\/ami.mr\/fr\/wp-json\/wp\/v2\/comments?post=52899"}],"version-history":[{"count":1,"href":"https:\/\/ami.mr\/fr\/wp-json\/wp\/v2\/posts\/52899\/revisions"}],"predecessor-version":[{"id":147740,"href":"https:\/\/ami.mr\/fr\/wp-json\/wp\/v2\/posts\/52899\/revisions\/147740"}],"wp:attachment":[{"href":"https:\/\/ami.mr\/fr\/wp-json\/wp\/v2\/media?parent=52899"}],"wp:term":[{"taxonomy":"category","embeddable":true,"href":"https:\/\/ami.mr\/fr\/wp-json\/wp\/v2\/categories?post=52899"},{"taxonomy":"post_tag","embeddable":true,"href":"https:\/\/ami.mr\/fr\/wp-json\/wp\/v2\/tags?post=52899"}],"curies":[{"name":"wp","href":"https:\/\/api.w.org\/{rel}","templated":true}]}}