{"id":52897,"date":"2016-05-09T15:26:52","date_gmt":"2016-05-09T15:26:52","guid":{"rendered":"http:\/\/192.168.64.2\/fr\/index.php\/2016\/05\/09\/le-ministre-de-leducation-nationale-sentretient-avec-le-rapporteur-special-de-lonu-pour-lextreme-pauvrete\/"},"modified":"2022-07-04T11:18:54","modified_gmt":"2022-07-04T11:18:54","slug":"le-ministre-de-leducation-nationale-sentretient-avec-le-rapporteur-special-de-lonu-pour-lextreme-pauvrete","status":"publish","type":"post","link":"https:\/\/ami.mr\/fr\/archives\/52897","title":{"rendered":"Le ministre de l&#8217;\u00e9ducation nationale s&#8217;entretient avec le rapporteur sp\u00e9cial de l&#8217;ONU pour l&#8217;extr\u00eame pauvret\u00e9"},"content":{"rendered":"<p>Le ministre de l&#8217;\u00e9ducation nationale, M. Isselmou Ould Sid&#8217;El Moctar a tenu, lundi matin dans son bureau \u00e0 Nouakchott, une s\u00e9ance de travail avec le rapporteur sp\u00e9cial des Nations Unies pour l&#8217;extr\u00eame pauvret\u00e9 et les droits de l&#8217;homme, M. Philip Alston, en visite actuellement dans notre pays.<\/p>\n<p>Le ministre a pass\u00e9 en revue, au cours de cette rencontre, les mesures entreprises par le gouvernement mauritanien pour la protection des droits de l&#8217;homme, en particulier la g\u00e9n\u00e9ralisation de l&#8217;\u00e9ducation, en tant que droit naturel, sur toute l&#8217;\u00e9tendue du territoire national en donnant la priorit\u00e9 aux enfants ayant des besoins sp\u00e9ciaux et la scolarisation des filles.<\/p>\n<p>Pour sa part, le rapporteur sp\u00e9cial de l&#8217;ONU pour l&#8217;extr\u00eame pauvret\u00e9 et les droits de l&#8217;homme a remerci\u00e9 le gouvernement mauritanien pour avoir cr\u00e9\u00e9 les conditions favorables \u00e0 la r\u00e9ussite de cette visite.<\/p>\n<p>L&#8217;audience s&#8217;est d\u00e9roul\u00e9e en pr\u00e9sence de la secr\u00e9taire g\u00e9n\u00e9rale du minist\u00e8re, Mme Khadijettou Mint Doua, et plusieurs haut responsables du d\u00e9partement.<\/p>\n","protected":false},"excerpt":{"rendered":"<p>Le ministre de l&#8217;\u00e9ducation nationale, M. Isselmou Ould Sid&#8217;El Moctar a tenu, lundi matin dans son bureau \u00e0 Nouakchott, une s\u00e9ance de travail avec le rapporteur sp\u00e9cial des Nations Unies pour l&#8217;extr\u00eame pauvret\u00e9 et les droits de l&#8217;homme, M<\/p>\n","protected":false},"author":1,"featured_media":147739,"comment_status":"closed","ping_status":"closed","sticky":false,"template":"","format":"standard","meta":{"footnotes":""},"categories":[],"tags":[63990,62476,62747],"class_list":["post-52897","post","type-post","status-publish","format-standard","has-post-thumbnail","hentry","tag-activites-gouvernementales","tag-nouakchott","tag-s_bechire"],"_links":{"self":[{"href":"https:\/\/ami.mr\/fr\/wp-json\/wp\/v2\/posts\/52897","targetHints":{"allow":["GET"]}}],"collection":[{"href":"https:\/\/ami.mr\/fr\/wp-json\/wp\/v2\/posts"}],"about":[{"href":"https:\/\/ami.mr\/fr\/wp-json\/wp\/v2\/types\/post"}],"author":[{"embeddable":true,"href":"https:\/\/ami.mr\/fr\/wp-json\/wp\/v2\/users\/1"}],"replies":[{"embeddable":true,"href":"https:\/\/ami.mr\/fr\/wp-json\/wp\/v2\/comments?post=52897"}],"version-history":[{"count":1,"href":"https:\/\/ami.mr\/fr\/wp-json\/wp\/v2\/posts\/52897\/revisions"}],"predecessor-version":[{"id":147738,"href":"https:\/\/ami.mr\/fr\/wp-json\/wp\/v2\/posts\/52897\/revisions\/147738"}],"wp:featuredmedia":[{"embeddable":true,"href":"https:\/\/ami.mr\/fr\/wp-json\/wp\/v2\/media\/147739"}],"wp:attachment":[{"href":"https:\/\/ami.mr\/fr\/wp-json\/wp\/v2\/media?parent=52897"}],"wp:term":[{"taxonomy":"category","embeddable":true,"href":"https:\/\/ami.mr\/fr\/wp-json\/wp\/v2\/categories?post=52897"},{"taxonomy":"post_tag","embeddable":true,"href":"https:\/\/ami.mr\/fr\/wp-json\/wp\/v2\/tags?post=52897"}],"curies":[{"name":"wp","href":"https:\/\/api.w.org\/{rel}","templated":true}]}}