{"id":52896,"date":"2016-05-09T15:24:42","date_gmt":"2016-05-09T15:24:42","guid":{"rendered":"http:\/\/192.168.64.2\/fr\/index.php\/2016\/05\/09\/le-commissaire-aux-droits-de-lhomme-sentretient-avec-le-rapporteur-special-de-lonu-pour-lextreme-pauvrete\/"},"modified":"2022-07-04T11:18:52","modified_gmt":"2022-07-04T11:18:52","slug":"le-commissaire-aux-droits-de-lhomme-sentretient-avec-le-rapporteur-special-de-lonu-pour-lextreme-pauvrete","status":"publish","type":"post","link":"https:\/\/ami.mr\/fr\/archives\/52896","title":{"rendered":"Le commissaire aux droits de l&#8217;homme s&#8217;entretient avec le rapporteur sp\u00e9cial de l&#8217;ONU pour l&#8217;extr\u00eame pauvret\u00e9"},"content":{"rendered":"<p>Le commissaire aux droits de l&#8217;homme et \u00e0 l&#8217;action humanitaire, M. Cheikh Tourad Ould Abdel Maleck a tenu, lundi matin dans son bureau \u00e0 Nouakchott, une s\u00e9ance de travail avec le rapporteur sp\u00e9cial des Nations Unies pour l&#8217;extr\u00eame pauvret\u00e9 et les droits de l&#8217;homme, M. Philip Alston, en visite actuellement dans notre pays.<\/p>\n<p>Le commissaire a pass\u00e9 en revue, au cours de cette rencontre, les mesures entreprises par le gouvernement mauritanien pour la protection des droits de l&#8217;homme et la lutte contre la pauvret\u00e9, mettant en exergue, dans ce sens, que la discrimination positive adopt\u00e9e au profit des franges vuln\u00e9rables de la soci\u00e9t\u00e9 qui b\u00e9n\u00e9ficient des projets de d\u00e9veloppement sp\u00e9ciaux.<\/p>\n<p>Pour sa part, le rapporteur sp\u00e9cial de l&#8217;ONU pour l&#8217;extr\u00eame pauvret\u00e9 et les droits de l&#8217;homme a remerci\u00e9 le gouvernement mauritanien pour avoir cr\u00e9e les conditions favorables \u00e0 la r\u00e9ussite de cette visite.<\/p>\n<p>L&#8217;audience s&#8217;est d\u00e9roul\u00e9e en pr\u00e9sence du commissaire adjoint aux droits de l&#8217;homme et \u00e0 l&#8217;action humanitaire, M. Rassoul Ould El Khal, et d&#8217;autres responsables du commissariat.<\/p>\n","protected":false},"excerpt":{"rendered":"<p>Le commissaire aux droits de l&#8217;homme et \u00e0 l&#8217;action humanitaire, M. Cheikh Tourad Ould Abdel Maleck a tenu, lundi matin dans son bureau \u00e0 Nouakchott, une s\u00e9ance de travail avec le rapporteur sp\u00e9cial des Nations Unies pour l&#8217;extr\u00eame pauvret\u00e9 et les droits d<\/p>\n","protected":false},"author":1,"featured_media":0,"comment_status":"closed","ping_status":"closed","sticky":false,"template":"","format":"standard","meta":{"footnotes":""},"categories":[],"tags":[63990,62476,62747],"class_list":["post-52896","post","type-post","status-publish","format-standard","hentry","tag-activites-gouvernementales","tag-nouakchott","tag-s_bechire"],"_links":{"self":[{"href":"https:\/\/ami.mr\/fr\/wp-json\/wp\/v2\/posts\/52896","targetHints":{"allow":["GET"]}}],"collection":[{"href":"https:\/\/ami.mr\/fr\/wp-json\/wp\/v2\/posts"}],"about":[{"href":"https:\/\/ami.mr\/fr\/wp-json\/wp\/v2\/types\/post"}],"author":[{"embeddable":true,"href":"https:\/\/ami.mr\/fr\/wp-json\/wp\/v2\/users\/1"}],"replies":[{"embeddable":true,"href":"https:\/\/ami.mr\/fr\/wp-json\/wp\/v2\/comments?post=52896"}],"version-history":[{"count":1,"href":"https:\/\/ami.mr\/fr\/wp-json\/wp\/v2\/posts\/52896\/revisions"}],"predecessor-version":[{"id":147737,"href":"https:\/\/ami.mr\/fr\/wp-json\/wp\/v2\/posts\/52896\/revisions\/147737"}],"wp:attachment":[{"href":"https:\/\/ami.mr\/fr\/wp-json\/wp\/v2\/media?parent=52896"}],"wp:term":[{"taxonomy":"category","embeddable":true,"href":"https:\/\/ami.mr\/fr\/wp-json\/wp\/v2\/categories?post=52896"},{"taxonomy":"post_tag","embeddable":true,"href":"https:\/\/ami.mr\/fr\/wp-json\/wp\/v2\/tags?post=52896"}],"curies":[{"name":"wp","href":"https:\/\/api.w.org\/{rel}","templated":true}]}}