{"id":52891,"date":"2016-05-09T12:33:56","date_gmt":"2016-05-09T12:33:56","guid":{"rendered":"http:\/\/192.168.64.2\/fr\/index.php\/2016\/05\/09\/le-directeur-de-lagence-tadamoune-sinforme-des-travaux-damenagement\/"},"modified":"2022-07-04T11:18:46","modified_gmt":"2022-07-04T11:18:46","slug":"le-directeur-de-lagence-tadamoune-sinforme-des-travaux-damenagement","status":"publish","type":"post","link":"https:\/\/ami.mr\/fr\/archives\/52891","title":{"rendered":"Le directeur de l&#8217;Agence Tadamoune s&#8217;informe des travaux d&#8217;am\u00e9nagement"},"content":{"rendered":"<p>Le Directeur g\u00e9n\u00e9ral de tadamoune,Monsieur Hamdi Ould Mahjoub, a entam\u00e9 lundi, en compagnie du wali du gorgol, M.Yahya Ould Cheikh Mohamed vall, une visite dans la commune de Evediar,e d\u00e9partement de Moungeul, pour s&#8217;assurer du bon d\u00e9roulement de la campagne de d&#8217;am\u00e9nagement en vue de l&#8217;installation de 1050 familles venant d&#8217;un regroupement de 14 Edebaye.<\/p>\n<p>Le directeur g\u00e9n\u00e9ral est venu encourager ces populations et s&#8217;enqu\u00e9rir des probl\u00e8mes qui peuvent entraver le bon d\u00e9roulement de l&#8217;op\u00e9ration.<\/p>\n<p>Il est \u00e0 rappeler que tadamoune a d\u00e9j\u00e0 r\u00e9alis\u00e9 un dispensaire, une \u00e9cole, un march\u00e9, une mosqu\u00e9e, une adduction d&#8217;eau, des forage, des parcelle de terrain en vue d&#8217;am\u00e9liorer les conditions de vue de nos populations, notamment les couches les plus vuln\u00e9rables pour leur assurer une vie descente, conform\u00e9ment aux instructions de son Excellence le Pr\u00e9sident de la R\u00e9publique, Mohamed ould Abdel Aziz,conform\u00e9ment aux orientations du Premier, Ministre Yahya ould Hademine.<\/p>\n","protected":false},"excerpt":{"rendered":"<p>Le Directeur g\u00e9n\u00e9ral de tadamoune,Monsieur Hamdi Ould Mahjoub, a entam\u00e9 lundi, en compagnie du wali du gorgol, M.Yahya Ould Cheikh Mohamed vall, une visite dans la commune de Evediar,e d\u00e9partement de Moungeul, pour s&#8217;assurer du bon d\u00e9roulement de la campa<\/p>\n","protected":false},"author":1,"featured_media":0,"comment_status":"closed","ping_status":"closed","sticky":false,"template":"","format":"standard","meta":{"footnotes":""},"categories":[],"tags":[63990,62476,62747],"class_list":["post-52891","post","type-post","status-publish","format-standard","hentry","tag-activites-gouvernementales","tag-nouakchott","tag-s_bechire"],"_links":{"self":[{"href":"https:\/\/ami.mr\/fr\/wp-json\/wp\/v2\/posts\/52891","targetHints":{"allow":["GET"]}}],"collection":[{"href":"https:\/\/ami.mr\/fr\/wp-json\/wp\/v2\/posts"}],"about":[{"href":"https:\/\/ami.mr\/fr\/wp-json\/wp\/v2\/types\/post"}],"author":[{"embeddable":true,"href":"https:\/\/ami.mr\/fr\/wp-json\/wp\/v2\/users\/1"}],"replies":[{"embeddable":true,"href":"https:\/\/ami.mr\/fr\/wp-json\/wp\/v2\/comments?post=52891"}],"version-history":[{"count":1,"href":"https:\/\/ami.mr\/fr\/wp-json\/wp\/v2\/posts\/52891\/revisions"}],"predecessor-version":[{"id":147732,"href":"https:\/\/ami.mr\/fr\/wp-json\/wp\/v2\/posts\/52891\/revisions\/147732"}],"wp:attachment":[{"href":"https:\/\/ami.mr\/fr\/wp-json\/wp\/v2\/media?parent=52891"}],"wp:term":[{"taxonomy":"category","embeddable":true,"href":"https:\/\/ami.mr\/fr\/wp-json\/wp\/v2\/categories?post=52891"},{"taxonomy":"post_tag","embeddable":true,"href":"https:\/\/ami.mr\/fr\/wp-json\/wp\/v2\/tags?post=52891"}],"curies":[{"name":"wp","href":"https:\/\/api.w.org\/{rel}","templated":true}]}}