{"id":52872,"date":"2016-05-06T18:27:10","date_gmt":"2016-05-06T18:27:10","guid":{"rendered":"http:\/\/192.168.64.2\/fr\/index.php\/2016\/05\/06\/le-ministre-des-affaires-etrangeres-sentretient-avec-la-directrice-de-lusaid\/"},"modified":"2022-07-04T11:18:25","modified_gmt":"2022-07-04T11:18:25","slug":"le-ministre-des-affaires-etrangeres-sentretient-avec-la-directrice-de-lusaid","status":"publish","type":"post","link":"https:\/\/ami.mr\/fr\/archives\/52872","title":{"rendered":"Le ministre des affaires \u00e9trang\u00e8res s&#8217;entretient avec la directrice de l&#8217;USAID"},"content":{"rendered":"<p>Le ministre des affaires \u00e9trang\u00e8res et de la coop\u00e9ration, Dr. Isselkou Ould Ahmed Izidbih, s&#8217;est entretenu vendredi \u00e0 Nouakchott avec la directrice de l&#8217;agence am\u00e9ricaine de coop\u00e9ration internationale (USAID), zone Mauritanie, S\u00e9n\u00e9gal, Burkina Faso, Tchad et Niger, Mme Liza Franchett, actuellement en visite en Mauritanie, en pr\u00e9sence de l&#8217;ambassadeur des Etats Unis d&#8217;Am\u00e9rique \u00e0 Nouakchott, SEM. Larry Andr\u00e9.<\/p>\n<p>Les entretiens ont port\u00e9 sur les relations de coop\u00e9ration liant les deux parties et les questions d&#8217;int\u00e9r\u00eat commun.<\/p>\n<p>L&#8217;entrevue s&#8217;est d\u00e9roul\u00e9e en pr\u00e9sence du directeur adjoint des affaires am\u00e9ricaines et asiatiques au minist\u00e8re des affaires \u00e9trang\u00e8res et de la coop\u00e9ration, M. Mohamed Lemine Ould Mohamed Abdallahi Ould Chamra.<\/p>\n","protected":false},"excerpt":{"rendered":"<p>Le ministre des affaires \u00e9trang\u00e8res et de la coop\u00e9ration, Dr. Isselkou Ould Ahmed Izidbih, s&#8217;est entretenu vendredi \u00e0 Nouakchott avec la directrice de l&#8217;agence am\u00e9ricaine de coop\u00e9ration internationale (USAID), zone Mauritanie, S\u00e9n\u00e9gal, Burkina Faso, Tchad<\/p>\n","protected":false},"author":1,"featured_media":147714,"comment_status":"closed","ping_status":"closed","sticky":false,"template":"","format":"standard","meta":{"footnotes":""},"categories":[],"tags":[63990,62947,62476],"class_list":["post-52872","post","type-post","status-publish","format-standard","has-post-thumbnail","hentry","tag-activites-gouvernementales","tag-mariemz","tag-nouakchott"],"_links":{"self":[{"href":"https:\/\/ami.mr\/fr\/wp-json\/wp\/v2\/posts\/52872","targetHints":{"allow":["GET"]}}],"collection":[{"href":"https:\/\/ami.mr\/fr\/wp-json\/wp\/v2\/posts"}],"about":[{"href":"https:\/\/ami.mr\/fr\/wp-json\/wp\/v2\/types\/post"}],"author":[{"embeddable":true,"href":"https:\/\/ami.mr\/fr\/wp-json\/wp\/v2\/users\/1"}],"replies":[{"embeddable":true,"href":"https:\/\/ami.mr\/fr\/wp-json\/wp\/v2\/comments?post=52872"}],"version-history":[{"count":1,"href":"https:\/\/ami.mr\/fr\/wp-json\/wp\/v2\/posts\/52872\/revisions"}],"predecessor-version":[{"id":147713,"href":"https:\/\/ami.mr\/fr\/wp-json\/wp\/v2\/posts\/52872\/revisions\/147713"}],"wp:featuredmedia":[{"embeddable":true,"href":"https:\/\/ami.mr\/fr\/wp-json\/wp\/v2\/media\/147714"}],"wp:attachment":[{"href":"https:\/\/ami.mr\/fr\/wp-json\/wp\/v2\/media?parent=52872"}],"wp:term":[{"taxonomy":"category","embeddable":true,"href":"https:\/\/ami.mr\/fr\/wp-json\/wp\/v2\/categories?post=52872"},{"taxonomy":"post_tag","embeddable":true,"href":"https:\/\/ami.mr\/fr\/wp-json\/wp\/v2\/tags?post=52872"}],"curies":[{"name":"wp","href":"https:\/\/api.w.org\/{rel}","templated":true}]}}