{"id":52862,"date":"2016-05-06T13:17:08","date_gmt":"2016-05-06T13:17:08","guid":{"rendered":"http:\/\/192.168.64.2\/fr\/index.php\/2016\/05\/06\/les-moyens-de-renforcer-la-ccoperation-mauritano-americaine-dans-les-domaines-de-la-jeunesse-et-des-sports-examines\/"},"modified":"2022-07-04T11:18:13","modified_gmt":"2022-07-04T11:18:13","slug":"les-moyens-de-renforcer-la-ccoperation-mauritano-americaine-dans-les-domaines-de-la-jeunesse-et-des-sports-examines","status":"publish","type":"post","link":"https:\/\/ami.mr\/fr\/archives\/52862","title":{"rendered":"Les moyens de renforcer la ccop\u00e9ration mauritano-am\u00e9ricaine dans les domaines de la jeunesse et des sports examin\u00e9s"},"content":{"rendered":"<p>Une s\u00e9ance de travail entre une d\u00e9l\u00e9gation du minist\u00e8re de la jeunesse et des sports conduite par le secr\u00e9taire g\u00e9n\u00e9ral, M. Mohamed Vall Ould Abdi et une d\u00e9l\u00e9gation de l&#8217;Agence Am\u00e9ricaine de D\u00e9veloppement International (USAID) conduite par la directrice de l&#8217;Agence, zone Mauritanie, S\u00e9n\u00e9gal, Burkina Faso, Tchad et Niger, Mme Liza Franchett s&#8217;est tenue, vendredi \u00e0 Nouakchott. <\/p>\n<p>La rencontre a \u00e9t\u00e9 consacr\u00e9e \u00e0 la coop\u00e9ration existant entre la Mauritanie et l&#8217;USAID et les moyens susceptibles de les renforcer.<\/p>\n<p>A cette occasion, la directrice de l&#8217;Agence s&#8217;est f\u00e9licit\u00e9e de la strat\u00e9gie nationale de la jeunesse pour la p\u00e9riode 2015-2020 qui a \u00e9t\u00e9 adopt\u00e9e r\u00e9cemment par le conseil des ministres.<\/p>\n<p>Elle a outre exprim\u00e9 la disposition de son institution d&#8217;apporter un appui financier et technique aux programmes concernant la jeunesse et les sports en Mauritanie.<\/p>\n<p>La s\u00e9ance de travail s&#8217;est d\u00e9roul\u00e9e en pr\u00e9sence de conseillers au cabinet de la ministre de la jeunesse et des sports et des directeurs g\u00e9n\u00e9raux de la jeunesse et des sports.<\/p>\n","protected":false},"excerpt":{"rendered":"<p>Une s\u00e9ance de travail entre une d\u00e9l\u00e9gation du minist\u00e8re de la jeunesse et des sports conduite par le secr\u00e9taire g\u00e9n\u00e9ral, M. Mohamed Vall Ould Abdi et une d\u00e9l\u00e9gation de l&#8217;Agence Am\u00e9ricaine de D\u00e9veloppement International (USAID) conduite par la directrice d<\/p>\n","protected":false},"author":1,"featured_media":147704,"comment_status":"closed","ping_status":"closed","sticky":false,"template":"","format":"standard","meta":{"footnotes":""},"categories":[32],"tags":[62763,62476],"class_list":["post-52862","post","type-post","status-publish","format-standard","has-post-thumbnail","hentry","category-32","tag-dija","tag-nouakchott"],"_links":{"self":[{"href":"https:\/\/ami.mr\/fr\/wp-json\/wp\/v2\/posts\/52862","targetHints":{"allow":["GET"]}}],"collection":[{"href":"https:\/\/ami.mr\/fr\/wp-json\/wp\/v2\/posts"}],"about":[{"href":"https:\/\/ami.mr\/fr\/wp-json\/wp\/v2\/types\/post"}],"author":[{"embeddable":true,"href":"https:\/\/ami.mr\/fr\/wp-json\/wp\/v2\/users\/1"}],"replies":[{"embeddable":true,"href":"https:\/\/ami.mr\/fr\/wp-json\/wp\/v2\/comments?post=52862"}],"version-history":[{"count":1,"href":"https:\/\/ami.mr\/fr\/wp-json\/wp\/v2\/posts\/52862\/revisions"}],"predecessor-version":[{"id":147703,"href":"https:\/\/ami.mr\/fr\/wp-json\/wp\/v2\/posts\/52862\/revisions\/147703"}],"wp:featuredmedia":[{"embeddable":true,"href":"https:\/\/ami.mr\/fr\/wp-json\/wp\/v2\/media\/147704"}],"wp:attachment":[{"href":"https:\/\/ami.mr\/fr\/wp-json\/wp\/v2\/media?parent=52862"}],"wp:term":[{"taxonomy":"category","embeddable":true,"href":"https:\/\/ami.mr\/fr\/wp-json\/wp\/v2\/categories?post=52862"},{"taxonomy":"post_tag","embeddable":true,"href":"https:\/\/ami.mr\/fr\/wp-json\/wp\/v2\/tags?post=52862"}],"curies":[{"name":"wp","href":"https:\/\/api.w.org\/{rel}","templated":true}]}}