{"id":52852,"date":"2016-05-05T19:19:05","date_gmt":"2016-05-05T19:19:05","guid":{"rendered":"http:\/\/192.168.64.2\/fr\/index.php\/2016\/05\/05\/le-ministre-de-leconomie-sentretient-avec-la-directrice-de-laid\/"},"modified":"2022-07-04T11:17:59","modified_gmt":"2022-07-04T11:17:59","slug":"le-ministre-de-leconomie-sentretient-avec-la-directrice-de-laid","status":"publish","type":"post","link":"https:\/\/ami.mr\/fr\/archives\/52852","title":{"rendered":"Le ministre de l&#8217;\u00e9conomie s&#8217;entretient avec la directrice de l&#8217;AID"},"content":{"rendered":"<p>Le ministre de l&#8217;\u00e9conomie et des finances, M. Moctar Ould Diay s&#8217;est entretenu jeudi \u00e0 Nouakchott avec la directrice de l&#8217;agence am\u00e9ricaine de d\u00e9veloppement international (AID), zone (Mauritanie, S\u00e9n\u00e9gal, Burkina Faso, Tchad et Niger), Mme Liza Franchett, en compagnie de Mme Liza K. Washington Sou, charg\u00e9e du programme Mauritanie et en pr\u00e9sence de l&#8217;ambassadeur des Etats-Unis d&#8217;Am\u00e9rique accr\u00e9dit\u00e9 en R\u00e9publique Islamique de Mauritanie, SEM Larry Andr\u00e9.<\/p>\n<p>Les discussions entre les deux parties se sont articul\u00e9es sur les diff\u00e9rents aspects de la coop\u00e9ration et les relations liant la Mauritanie et l&#8217;AID ainsi que sur les moyens de les d\u00e9velopper davantage.<\/p>\n<p>L&#8217;agence am\u00e9ricaine de d\u00e9veloppement internationale, relevant du gouvernement f\u00e9d\u00e9ral am\u00e9ricain, accorde des aides financi\u00e8res et techniques aux pays sous d\u00e9velopp\u00e9s, afin de soutenir leur croissance \u00e9conomique et sociale.<\/p>\n","protected":false},"excerpt":{"rendered":"<p>Le ministre de l&#8217;\u00e9conomie et des finances, M. Moctar Ould Diay s&#8217;est entretenu jeudi \u00e0 Nouakchott avec la directrice de l&#8217;agence am\u00e9ricaine de d\u00e9veloppement international (AID), zone (Mauritanie, S\u00e9n\u00e9gal, Burkina Faso, Tchad et Niger), Mme Liza Franchett,<\/p>\n","protected":false},"author":1,"featured_media":147694,"comment_status":"closed","ping_status":"closed","sticky":false,"template":"","format":"standard","meta":{"footnotes":""},"categories":[],"tags":[63990,63367,62476],"class_list":["post-52852","post","type-post","status-publish","format-standard","has-post-thumbnail","hentry","tag-activites-gouvernementales","tag-moctar","tag-nouakchott"],"_links":{"self":[{"href":"https:\/\/ami.mr\/fr\/wp-json\/wp\/v2\/posts\/52852","targetHints":{"allow":["GET"]}}],"collection":[{"href":"https:\/\/ami.mr\/fr\/wp-json\/wp\/v2\/posts"}],"about":[{"href":"https:\/\/ami.mr\/fr\/wp-json\/wp\/v2\/types\/post"}],"author":[{"embeddable":true,"href":"https:\/\/ami.mr\/fr\/wp-json\/wp\/v2\/users\/1"}],"replies":[{"embeddable":true,"href":"https:\/\/ami.mr\/fr\/wp-json\/wp\/v2\/comments?post=52852"}],"version-history":[{"count":1,"href":"https:\/\/ami.mr\/fr\/wp-json\/wp\/v2\/posts\/52852\/revisions"}],"predecessor-version":[{"id":147693,"href":"https:\/\/ami.mr\/fr\/wp-json\/wp\/v2\/posts\/52852\/revisions\/147693"}],"wp:featuredmedia":[{"embeddable":true,"href":"https:\/\/ami.mr\/fr\/wp-json\/wp\/v2\/media\/147694"}],"wp:attachment":[{"href":"https:\/\/ami.mr\/fr\/wp-json\/wp\/v2\/media?parent=52852"}],"wp:term":[{"taxonomy":"category","embeddable":true,"href":"https:\/\/ami.mr\/fr\/wp-json\/wp\/v2\/categories?post=52852"},{"taxonomy":"post_tag","embeddable":true,"href":"https:\/\/ami.mr\/fr\/wp-json\/wp\/v2\/tags?post=52852"}],"curies":[{"name":"wp","href":"https:\/\/api.w.org\/{rel}","templated":true}]}}