{"id":52083,"date":"2016-04-04T14:55:06","date_gmt":"2016-04-04T14:55:06","guid":{"rendered":"http:\/\/192.168.64.2\/fr\/index.php\/2016\/04\/04\/la-ministre-de-lagriculture-sentretient-avec-lambassadeur-despagne\/"},"modified":"2022-07-04T10:59:01","modified_gmt":"2022-07-04T10:59:01","slug":"la-ministre-de-lagriculture-sentretient-avec-lambassadeur-despagne","status":"publish","type":"post","link":"https:\/\/ami.mr\/fr\/archives\/52083","title":{"rendered":"La ministre de l&#8217;Agriculture s&#8217;entretient avec l&#8217;ambassadeur d&#8217;Espagne"},"content":{"rendered":"<p>La ministre de l&#8217;agriculture, Mme Lemina Mint El Kotob Ould Moma, a eu des entretiens, lundi \u00e0 Nouakchott, avec l&#8217;ambassadeur d&#8217;Espagne en Mauritanie, SEM Antonio Torres Dulce.<\/p>\n<p>La rencontre a port\u00e9 sur les moyens susceptibles de renforcer la coop\u00e9ration entre la Mauritanie et l&#8217;Espagne, notamment dans le domaine de l&#8217;Agriculture.<\/p>\n<p>Dans ce cadre, la ministre a insist\u00e9 sur la n\u00e9cessit\u00e9 de donner la priorit\u00e9 \u00e0 la culture pluviale et au d\u00e9veloppement des cultures mara\u00eech\u00e8res et \u00e0 tout ce que cela exige comme infrastructures et \u00e9quipements.<\/p>\n<p>L&#8217;audience s&#8217;est d\u00e9roul\u00e9e en pr\u00e9sence de M. Abdallahi Ould Baba, directeur des politiques et de la coop\u00e9ration au minist\u00e8re de l&#8217;agriculture.<\/p>\n","protected":false},"excerpt":{"rendered":"<p>La ministre de l&#8217;agriculture, Mme Lemina Mint El Kotob Ould Moma, a eu des entretiens, lundi \u00e0 Nouakchott, avec l&#8217;ambassadeur d&#8217;Espagne en Mauritanie, SEM Antonio Torres Dulce.<\/p>\n<p>La rencontre a port\u00e9 sur les moyens susceptibles de renforcer la coop\u00e9ratio<\/p>\n","protected":false},"author":1,"featured_media":0,"comment_status":"closed","ping_status":"closed","sticky":false,"template":"","format":"standard","meta":{"footnotes":""},"categories":[],"tags":[63990,62875,62476],"class_list":["post-52083","post","type-post","status-publish","format-standard","hentry","tag-activites-gouvernementales","tag-mekfoula","tag-nouakchott"],"_links":{"self":[{"href":"https:\/\/ami.mr\/fr\/wp-json\/wp\/v2\/posts\/52083","targetHints":{"allow":["GET"]}}],"collection":[{"href":"https:\/\/ami.mr\/fr\/wp-json\/wp\/v2\/posts"}],"about":[{"href":"https:\/\/ami.mr\/fr\/wp-json\/wp\/v2\/types\/post"}],"author":[{"embeddable":true,"href":"https:\/\/ami.mr\/fr\/wp-json\/wp\/v2\/users\/1"}],"replies":[{"embeddable":true,"href":"https:\/\/ami.mr\/fr\/wp-json\/wp\/v2\/comments?post=52083"}],"version-history":[{"count":1,"href":"https:\/\/ami.mr\/fr\/wp-json\/wp\/v2\/posts\/52083\/revisions"}],"predecessor-version":[{"id":146924,"href":"https:\/\/ami.mr\/fr\/wp-json\/wp\/v2\/posts\/52083\/revisions\/146924"}],"wp:attachment":[{"href":"https:\/\/ami.mr\/fr\/wp-json\/wp\/v2\/media?parent=52083"}],"wp:term":[{"taxonomy":"category","embeddable":true,"href":"https:\/\/ami.mr\/fr\/wp-json\/wp\/v2\/categories?post=52083"},{"taxonomy":"post_tag","embeddable":true,"href":"https:\/\/ami.mr\/fr\/wp-json\/wp\/v2\/tags?post=52083"}],"curies":[{"name":"wp","href":"https:\/\/api.w.org\/{rel}","templated":true}]}}