{"id":49374,"date":"2015-11-23T13:46:30","date_gmt":"2015-11-23T13:46:30","guid":{"rendered":"http:\/\/192.168.64.2\/fr\/index.php\/2015\/11\/23\/arrivee-a-nouakchott-du-ministre-senegalais-de-lenergie\/"},"modified":"2022-07-04T09:57:55","modified_gmt":"2022-07-04T09:57:55","slug":"arrivee-a-nouakchott-du-ministre-senegalais-de-lenergie","status":"publish","type":"post","link":"https:\/\/ami.mr\/fr\/archives\/49374","title":{"rendered":"Arriv\u00e9e \u00e0 Nouakchott du ministre s\u00e9n\u00e9galais de l&#8217;\u00e9nergie"},"content":{"rendered":"<p>Le ministre s\u00e9n\u00e9galais de l&#8217;\u00e9n\u00e9rgie et des \u00e9nergies renouvelables, M. Thierno Alassane Sall est arriv\u00e9 dimanche soir \u00e0 Nouakchott pour effectuer une visite de travail en Mauritanie au cours de laquelle il assistera aux festivit\u00e9s marquant le 55\u00e8me anniversaire de notre ind\u00e9pendance nationale.<\/p>\n<p>Le ministre s\u00e9n\u00e9galais a \u00e9t\u00e9 accueilli \u00e0 l&#8217;a\u00e9roport de Nouakchott par M. Ahmed Salem Ould Bechir, ministre du p\u00e9trole, de l&#8217;\u00e9n\u00e9rgie et des mines et l&#8217;ambassadeur du S\u00e9n\u00e9gal en Mauritanie.<\/p>\n","protected":false},"excerpt":{"rendered":"<p>Le ministre s\u00e9n\u00e9galais de l&#8217;\u00e9n\u00e9rgie et des \u00e9nergies renouvelables, M. Thierno Alassane Sall est arriv\u00e9 dimanche soir \u00e0 Nouakchott pour effectuer une visite de travail en Mauritanie au cours de laquelle il assistera aux festivit\u00e9s marquant le 55\u00e8me anniver<\/p>\n","protected":false},"author":1,"featured_media":0,"comment_status":"closed","ping_status":"closed","sticky":false,"template":"","format":"standard","meta":{"footnotes":""},"categories":[],"tags":[63990,62947,62476],"class_list":["post-49374","post","type-post","status-publish","format-standard","hentry","tag-activites-gouvernementales","tag-mariemz","tag-nouakchott"],"_links":{"self":[{"href":"https:\/\/ami.mr\/fr\/wp-json\/wp\/v2\/posts\/49374","targetHints":{"allow":["GET"]}}],"collection":[{"href":"https:\/\/ami.mr\/fr\/wp-json\/wp\/v2\/posts"}],"about":[{"href":"https:\/\/ami.mr\/fr\/wp-json\/wp\/v2\/types\/post"}],"author":[{"embeddable":true,"href":"https:\/\/ami.mr\/fr\/wp-json\/wp\/v2\/users\/1"}],"replies":[{"embeddable":true,"href":"https:\/\/ami.mr\/fr\/wp-json\/wp\/v2\/comments?post=49374"}],"version-history":[{"count":1,"href":"https:\/\/ami.mr\/fr\/wp-json\/wp\/v2\/posts\/49374\/revisions"}],"predecessor-version":[{"id":144215,"href":"https:\/\/ami.mr\/fr\/wp-json\/wp\/v2\/posts\/49374\/revisions\/144215"}],"wp:attachment":[{"href":"https:\/\/ami.mr\/fr\/wp-json\/wp\/v2\/media?parent=49374"}],"wp:term":[{"taxonomy":"category","embeddable":true,"href":"https:\/\/ami.mr\/fr\/wp-json\/wp\/v2\/categories?post=49374"},{"taxonomy":"post_tag","embeddable":true,"href":"https:\/\/ami.mr\/fr\/wp-json\/wp\/v2\/tags?post=49374"}],"curies":[{"name":"wp","href":"https:\/\/api.w.org\/{rel}","templated":true}]}}