{"id":44919,"date":"2015-04-22T21:59:59","date_gmt":"2015-04-22T21:59:59","guid":{"rendered":"http:\/\/192.168.64.2\/fr\/index.php\/2015\/04\/22\/la-mauritanie-est-fiere-la-collaboration-avec-la-commission-africaine-des-droits-de-lhomme\/"},"modified":"2022-07-04T07:28:59","modified_gmt":"2022-07-04T07:28:59","slug":"la-mauritanie-est-fiere-la-collaboration-avec-la-commission-africaine-des-droits-de-lhomme","status":"publish","type":"post","link":"https:\/\/ami.mr\/fr\/archives\/44919","title":{"rendered":"La Mauritanie est fi\u00e8re la collaboration avec la commission africaine des Droits de l&#8217;Homme"},"content":{"rendered":"<p>La commissaire aux Droits de l&#8217;Homme et \u00e0 l&#8217;action humanitaire, Mme A\u00eechettou Mint M&#8217;Hayham, a prononc\u00e9 mardi un discours devant la 56\u00e8me session de la commission africaine des Droits de l&#8217;Homme et des peuples(CADHP), qui se tient actuellement \u00e0 Banjul. <\/p>\n<p>Elle a, d&#8217;embl\u00e9e, salu\u00e9 les efforts entrepris par la commission au service des Droits de l&#8217;Homme en Afrique et r\u00e9it\u00e9r\u00e9 l&#8217;exemplarit\u00e9 de la coop\u00e9ration qu&#8217;entretienne la Mauritanie avec la CADHP et ses instruments sp\u00e9ciaux.<\/p>\n<p>&#8221;Je tiens \u00e0 r\u00e9affirmer la d\u00e9termination de la Mauritanie d&#8217;aller de l&#8217;avant dans l&#8217;application de ses engagements en mati\u00e8re des Droits de l&#8217;Homme et sa disponibilit\u00e9 \u00e0 coop\u00e9rer avec tous les instruments uvrant dans le domaine&#8221;, souligne-t-elle. <\/p>\n<p>La commissaire a rappel\u00e9, par la suite, que la Mauritanie a ratifi\u00e9 tout derni\u00e8rement toutes les conventions de l&#8217;UA dans le domaine des droits de l&#8217;Homme et qu&#8217;elle va pr\u00e9senter son rapport sur l&#8217;ex\u00e9cution des clauses de la charte africaine en la mati\u00e8re et son protocole facultatif relatif aux droits de la femme en Afrique. <\/p>\n<p>Pour parvenir \u00e0 cet objectif, la commissaire a indiqu\u00e9 qu&#8217;un comit\u00e9 technique minist\u00e9riel a \u00e9t\u00e9 cr\u00e9\u00e9 et charg\u00e9 d&#8217;\u00e9laborer et de r\u00e9diger tous les rapports destin\u00e9s \u00e0 la commission africaines et les autres instances internationales, tout comme elle veillera au suivi de l&#8217;application des r\u00e9solutions \u00e9manant de celles-ci. <\/p>\n<p>Elle a ajout\u00e9 que la Mauritanie applique, depuis l&#8217;accession de Monsieur Mohamed Ould Abdel Aziz au pouvoir, un mode de gouvernance fond\u00e9 sur la concertation, le dialogue et la parfaite collaboration avec tous les organismes internationaux des droits de l&#8217;Homme. <\/p>\n<p>La commissaire a, enfin, d\u00e9taill\u00e9 les diff\u00e9rents acquis r\u00e9alis\u00e9s en Mauritanie ces derni\u00e8res ann\u00e9es aux plans des droits de l&#8217;Homme et de l&#8217;action humanitaire.<\/p>\n","protected":false},"excerpt":{"rendered":"<p>La commissaire aux Droits de l&#8217;Homme et \u00e0 l&#8217;action humanitaire, Mme A\u00eechettou Mint M&#8217;Hayham, a prononc\u00e9 mardi un discours devant la 56\u00e8me session de la commission africaine des Droits de l&#8217;Homme et des peuples(CADHP), qui se tient actuellement \u00e0 Banjul<\/p>\n","protected":false},"author":1,"featured_media":139757,"comment_status":"closed","ping_status":"closed","sticky":false,"template":"","format":"standard","meta":{"footnotes":""},"categories":[],"tags":[62526,63227,63996],"class_list":["post-44919","post","type-post","status-publish","format-standard","has-post-thumbnail","hentry","tag-banjul","tag-medlem","tag-societe"],"_links":{"self":[{"href":"https:\/\/ami.mr\/fr\/wp-json\/wp\/v2\/posts\/44919","targetHints":{"allow":["GET"]}}],"collection":[{"href":"https:\/\/ami.mr\/fr\/wp-json\/wp\/v2\/posts"}],"about":[{"href":"https:\/\/ami.mr\/fr\/wp-json\/wp\/v2\/types\/post"}],"author":[{"embeddable":true,"href":"https:\/\/ami.mr\/fr\/wp-json\/wp\/v2\/users\/1"}],"replies":[{"embeddable":true,"href":"https:\/\/ami.mr\/fr\/wp-json\/wp\/v2\/comments?post=44919"}],"version-history":[{"count":1,"href":"https:\/\/ami.mr\/fr\/wp-json\/wp\/v2\/posts\/44919\/revisions"}],"predecessor-version":[{"id":139756,"href":"https:\/\/ami.mr\/fr\/wp-json\/wp\/v2\/posts\/44919\/revisions\/139756"}],"wp:featuredmedia":[{"embeddable":true,"href":"https:\/\/ami.mr\/fr\/wp-json\/wp\/v2\/media\/139757"}],"wp:attachment":[{"href":"https:\/\/ami.mr\/fr\/wp-json\/wp\/v2\/media?parent=44919"}],"wp:term":[{"taxonomy":"category","embeddable":true,"href":"https:\/\/ami.mr\/fr\/wp-json\/wp\/v2\/categories?post=44919"},{"taxonomy":"post_tag","embeddable":true,"href":"https:\/\/ami.mr\/fr\/wp-json\/wp\/v2\/tags?post=44919"}],"curies":[{"name":"wp","href":"https:\/\/api.w.org\/{rel}","templated":true}]}}