{"id":44917,"date":"2015-04-22T20:07:38","date_gmt":"2015-04-22T20:07:38","guid":{"rendered":"http:\/\/192.168.64.2\/fr\/index.php\/2015\/04\/22\/le-ministre-de-la-fonction-publique-discute-avec-son-homologue-marocain-les-voies-et-moyens-permettant-le-renforcement-de-la-cooperation-bilaterale\/"},"modified":"2022-07-04T07:28:58","modified_gmt":"2022-07-04T07:28:58","slug":"le-ministre-de-la-fonction-publique-discute-avec-son-homologue-marocain-les-voies-et-moyens-permettant-le-renforcement-de-la-cooperation-bilaterale","status":"publish","type":"post","link":"https:\/\/ami.mr\/fr\/archives\/44917","title":{"rendered":"Le ministre de la Fonction publique discute avec son homologue marocain les voies et moyens permettant le renforcement de la coop\u00e9ration bilat\u00e9rale"},"content":{"rendered":"<p>M. Seyidna Ali Ould Mohamed Khouna, ministre de la Fonction Publique, du Travail et de la Modernisation de l&#8217;Administration a rencontr\u00e9, mardi, en marge des travaux de la 42eme conf\u00e9rence arabe du travail qui se tient actuellement au Kowe\u00eft, le ministre marocain de l&#8217;emploi et des affaires sociales, M. Abdel Selam Sidighi.<\/p>\n<p>La rencontre \u00e9tait l&#8217;occasion pour les deux parties d&#8217;examiner les voies et moyens susceptibles de d\u00e9velopper les relations de coop\u00e9ration existant entre la Mauritanie et le Maroc dans les domaines de la s\u00e9curit\u00e9 sociale, de la s\u00e9curit\u00e9 professionnelle, de l&#8217;emploi et des relations professionnelles.<\/p>\n<p>La rencontre s&#8217;est d\u00e9roul\u00e9e en pr\u00e9sence de l&#8217;ambassadeur de Mauritanie au Kowe\u00eft, M. Hamed Ould Hamouni et de l&#8217;inspecteur g\u00e9n\u00e9ral au minist\u00e8re de la Fonction publique, M. El Bekaye Ould Abdel Kader.<\/p>\n","protected":false},"excerpt":{"rendered":"<p>M. Seyidna Ali Ould Mohamed Khouna, ministre de la Fonction Publique, du Travail et de la Modernisation de l&#8217;Administration a rencontr\u00e9, mardi, en marge des travaux de la 42eme conf\u00e9rence arabe du travail qui se tient actuellement au Kowe\u00eft, le ministre m<\/p>\n","protected":false},"author":1,"featured_media":139755,"comment_status":"closed","ping_status":"closed","sticky":false,"template":"","format":"standard","meta":{"footnotes":""},"categories":[],"tags":[63990,63109,62575,63227],"class_list":["post-44917","post","type-post","status-publish","format-standard","has-post-thumbnail","hentry","tag-activites-gouvernementales","tag-ahmedabd","tag-koweit","tag-medlem"],"_links":{"self":[{"href":"https:\/\/ami.mr\/fr\/wp-json\/wp\/v2\/posts\/44917","targetHints":{"allow":["GET"]}}],"collection":[{"href":"https:\/\/ami.mr\/fr\/wp-json\/wp\/v2\/posts"}],"about":[{"href":"https:\/\/ami.mr\/fr\/wp-json\/wp\/v2\/types\/post"}],"author":[{"embeddable":true,"href":"https:\/\/ami.mr\/fr\/wp-json\/wp\/v2\/users\/1"}],"replies":[{"embeddable":true,"href":"https:\/\/ami.mr\/fr\/wp-json\/wp\/v2\/comments?post=44917"}],"version-history":[{"count":1,"href":"https:\/\/ami.mr\/fr\/wp-json\/wp\/v2\/posts\/44917\/revisions"}],"predecessor-version":[{"id":139754,"href":"https:\/\/ami.mr\/fr\/wp-json\/wp\/v2\/posts\/44917\/revisions\/139754"}],"wp:featuredmedia":[{"embeddable":true,"href":"https:\/\/ami.mr\/fr\/wp-json\/wp\/v2\/media\/139755"}],"wp:attachment":[{"href":"https:\/\/ami.mr\/fr\/wp-json\/wp\/v2\/media?parent=44917"}],"wp:term":[{"taxonomy":"category","embeddable":true,"href":"https:\/\/ami.mr\/fr\/wp-json\/wp\/v2\/categories?post=44917"},{"taxonomy":"post_tag","embeddable":true,"href":"https:\/\/ami.mr\/fr\/wp-json\/wp\/v2\/tags?post=44917"}],"curies":[{"name":"wp","href":"https:\/\/api.w.org\/{rel}","templated":true}]}}