{"id":44914,"date":"2015-04-22T18:30:14","date_gmt":"2015-04-22T18:30:14","guid":{"rendered":"http:\/\/192.168.64.2\/fr\/index.php\/2015\/04\/22\/le-president-de-la-republique-constate-le-deroulement-des-cours-au-niveau-de-lecole-ii-de-boumdeid\/"},"modified":"2022-07-04T07:28:54","modified_gmt":"2022-07-04T07:28:54","slug":"le-president-de-la-republique-constate-le-deroulement-des-cours-au-niveau-de-lecole-ii-de-boumdeid","status":"publish","type":"post","link":"https:\/\/ami.mr\/fr\/archives\/44914","title":{"rendered":"Le Pr\u00e9sident de la R\u00e9publique constate le d\u00e9roulement des cours au niveau de l&#8217;\u00e9cole II de Boumdeid"},"content":{"rendered":"<p>Le Pr\u00e9sident de la R\u00e9publique, Monsieur Mohamed Ould Abdel Aziz, a constat\u00e9 mercredi le d\u00e9roulement des cours au niveau de l&#8217;\u00e9cole II de Boumdeid.<\/p>\n<p>Sur place, le Chef de l&#8217;Etat a \u00e9t\u00e9 \u00e9difi\u00e9 par le directeur de l&#8217;\u00e9tablissement sur le niveau \u00e9ducatif des \u00e9l\u00e8ves et les m\u00e9thodes p\u00e9dagogiques suivies par le corps d&#8217;enseignant.<\/p>\n<p>Cr\u00e9\u00e9e en 1961, l&#8217;\u00e9cole de Boumdeid compte 350 \u00e9l\u00e8ves dont 40% des filles encadr\u00e9s par neuf enseignants.<\/p>\n","protected":false},"excerpt":{"rendered":"<p>Le Pr\u00e9sident de la R\u00e9publique, Monsieur Mohamed Ould Abdel Aziz, a constat\u00e9 mercredi le d\u00e9roulement des cours au niveau de l&#8217;\u00e9cole II de Boumdeid.<\/p>\n<p>Sur place, le Chef de l&#8217;Etat a \u00e9t\u00e9 \u00e9difi\u00e9 par le directeur de l&#8217;\u00e9tablissement sur le niveau \u00e9ducatif des<\/p>\n","protected":false},"author":1,"featured_media":139752,"comment_status":"closed","ping_status":"closed","sticky":false,"template":"","format":"standard","meta":{"footnotes":""},"categories":[],"tags":[63991,62598,62768,62754],"class_list":["post-44914","post","type-post","status-publish","format-standard","has-post-thumbnail","hentry","tag-activites-presidentielles","tag-boumdeid","tag-emmane","tag-mariem"],"_links":{"self":[{"href":"https:\/\/ami.mr\/fr\/wp-json\/wp\/v2\/posts\/44914","targetHints":{"allow":["GET"]}}],"collection":[{"href":"https:\/\/ami.mr\/fr\/wp-json\/wp\/v2\/posts"}],"about":[{"href":"https:\/\/ami.mr\/fr\/wp-json\/wp\/v2\/types\/post"}],"author":[{"embeddable":true,"href":"https:\/\/ami.mr\/fr\/wp-json\/wp\/v2\/users\/1"}],"replies":[{"embeddable":true,"href":"https:\/\/ami.mr\/fr\/wp-json\/wp\/v2\/comments?post=44914"}],"version-history":[{"count":1,"href":"https:\/\/ami.mr\/fr\/wp-json\/wp\/v2\/posts\/44914\/revisions"}],"predecessor-version":[{"id":139751,"href":"https:\/\/ami.mr\/fr\/wp-json\/wp\/v2\/posts\/44914\/revisions\/139751"}],"wp:featuredmedia":[{"embeddable":true,"href":"https:\/\/ami.mr\/fr\/wp-json\/wp\/v2\/media\/139752"}],"wp:attachment":[{"href":"https:\/\/ami.mr\/fr\/wp-json\/wp\/v2\/media?parent=44914"}],"wp:term":[{"taxonomy":"category","embeddable":true,"href":"https:\/\/ami.mr\/fr\/wp-json\/wp\/v2\/categories?post=44914"},{"taxonomy":"post_tag","embeddable":true,"href":"https:\/\/ami.mr\/fr\/wp-json\/wp\/v2\/tags?post=44914"}],"curies":[{"name":"wp","href":"https:\/\/api.w.org\/{rel}","templated":true}]}}