{"id":44906,"date":"2015-04-22T17:12:20","date_gmt":"2015-04-22T17:12:20","guid":{"rendered":"http:\/\/192.168.64.2\/fr\/index.php\/2015\/04\/22\/partage-des-resultats-des-recherches-sur-le-paludisme\/"},"modified":"2022-07-04T07:28:46","modified_gmt":"2022-07-04T07:28:46","slug":"partage-des-resultats-des-recherches-sur-le-paludisme","status":"publish","type":"post","link":"https:\/\/ami.mr\/fr\/archives\/44906","title":{"rendered":"Partage des r\u00e9sultats des recherches sur le paludisme"},"content":{"rendered":"<p>Les travaux de la journ\u00e9e de partage des r\u00e9sultats de la recherche sur le paludime organis\u00e9e sous le th\u00e8me &#8220;investir dans la recherche pour vaincre le paludisme&#8221; ont d\u00e9but\u00e9 mercredi matin \u00e0 Nouakchott.<\/p>\n<p>Cette journ\u00e9e, organis\u00e9e par l&#8217;unit\u00e9 de recherche sur le g\u00e9nome et le milieux du d\u00e9partement de biologie de la facult\u00e9 des sciences et des techniques de l&#8217;universit\u00e9 des sciences, des technologies et de m\u00e9decine de Nouakchott, a \u00e9t\u00e9 marqu\u00e9e par la pr\u00e9sentation des expos\u00e9s des participants \u00e0 ces recherches.<\/p>\n<p>Ces expos\u00e9s portent sur les r\u00e9sultats des enqu\u00eates effectu\u00e9es sur cette maladie, ses types, ses foyers et les causes de sa prolif\u00e9ration. <\/p>\n<p>Le directeur de la recherche scientifique au minist\u00e8re de l&#8217;enseignement sup\u00e9rieur et \u00e0 la recherche scientifique M. Ali Ould Boukhary a soulign\u00e9 que l&#8217;axe de recherche sur le paludisme en milieu saharo sah\u00e9lien d\u00e9velopp\u00e9 au sein de son unit\u00e9 de recherche a connu un d\u00e9veloppement rapide gr\u00e2ce \u00e0 la collaboration et au soutien ind\u00e9fectible du minist\u00e8re de la sant\u00e9 \u00e0 travers le Plan national de lutte contre le paludisme.<\/p>\n<p>De m\u00eame, la collaboration des structures de recherche de France (IRD, l&#8217;IRBA), du S\u00e9n\u00e9gal (UCAD), de Suisse (Suiss TPH) et du Maroc (UCAM) a \u00e9t\u00e9 particuli\u00e8rement pr\u00e9cieuse \u00e0 ce sujet.<\/p>\n<p>&#8220;Notre \u00e9quipe, a -t- ajout\u00e9, m\u00e8ne depuis 2007 des travaux de recherche sur le paludisme en Mauritanie, sanctionn\u00e9s par de nombreuses publications et des partenariats avec des structures de recherches nationales et internationales&#8221; relevant que le moment est venu de partager les principaux r\u00e9sultats dans un objectif d&#8217;une meilleure prise de conscience de l&#8217;importance de la recherche pour vaincre cette maladie.<\/p>\n<p>Le pr\u00e9sident de l&#8217;universit\u00e9 des sciences, des technologies et de m\u00e9decine, M. Ahmedou Ould Haouba, a mis en exergue, dans son intervention, l&#8217;importance de ces recherches et leur r\u00f4le dans la r\u00e9duction des risques cons\u00e9cutifs \u00e0 la contamination palud\u00e9enne.<\/p>\n<p>Il a soulign\u00e9 \u00e9galement que les \u00e9quipes de recherche \u00e0 l&#8217;universit\u00e9 m\u00e8nent de nombreuses investigations dans l&#8217;int\u00e9r\u00eat g\u00e9n\u00e9ral, pr\u00e9cisant que son \u00e9tablissement compte ouvrir des d\u00e9partements doctorant dans les diverses sp\u00e9cialit\u00e9s pour renforcer ces recherches et optimiser leurs impacts \u00e9conomiques et sociaux. <\/p>\n<p>Notons que cette activit\u00e9 scientifique coincide avec la comm\u00e9moration de la journ\u00e9e mondiale de lutte contre le paludisme, c\u00e9l\u00e9br\u00e9e le 25 avril de chaque ann\u00e9e.<\/p>\n","protected":false},"excerpt":{"rendered":"<p>Les travaux de la journ\u00e9e de partage des r\u00e9sultats de la recherche sur le paludime organis\u00e9e sous le th\u00e8me &#8220;investir dans la recherche pour vaincre le paludisme&#8221; ont d\u00e9but\u00e9 mercredi matin \u00e0 Nouakchott<\/p>\n","protected":false},"author":1,"featured_media":139744,"comment_status":"closed","ping_status":"closed","sticky":false,"template":"","format":"standard","meta":{"footnotes":""},"categories":[],"tags":[62768,62476,63995],"class_list":["post-44906","post","type-post","status-publish","format-standard","has-post-thumbnail","hentry","tag-emmane","tag-nouakchott","tag-sante"],"_links":{"self":[{"href":"https:\/\/ami.mr\/fr\/wp-json\/wp\/v2\/posts\/44906","targetHints":{"allow":["GET"]}}],"collection":[{"href":"https:\/\/ami.mr\/fr\/wp-json\/wp\/v2\/posts"}],"about":[{"href":"https:\/\/ami.mr\/fr\/wp-json\/wp\/v2\/types\/post"}],"author":[{"embeddable":true,"href":"https:\/\/ami.mr\/fr\/wp-json\/wp\/v2\/users\/1"}],"replies":[{"embeddable":true,"href":"https:\/\/ami.mr\/fr\/wp-json\/wp\/v2\/comments?post=44906"}],"version-history":[{"count":1,"href":"https:\/\/ami.mr\/fr\/wp-json\/wp\/v2\/posts\/44906\/revisions"}],"predecessor-version":[{"id":139743,"href":"https:\/\/ami.mr\/fr\/wp-json\/wp\/v2\/posts\/44906\/revisions\/139743"}],"wp:featuredmedia":[{"embeddable":true,"href":"https:\/\/ami.mr\/fr\/wp-json\/wp\/v2\/media\/139744"}],"wp:attachment":[{"href":"https:\/\/ami.mr\/fr\/wp-json\/wp\/v2\/media?parent=44906"}],"wp:term":[{"taxonomy":"category","embeddable":true,"href":"https:\/\/ami.mr\/fr\/wp-json\/wp\/v2\/categories?post=44906"},{"taxonomy":"post_tag","embeddable":true,"href":"https:\/\/ami.mr\/fr\/wp-json\/wp\/v2\/tags?post=44906"}],"curies":[{"name":"wp","href":"https:\/\/api.w.org\/{rel}","templated":true}]}}