{"id":39583,"date":"2014-08-12T15:46:53","date_gmt":"2014-08-12T15:46:53","guid":{"rendered":"http:\/\/192.168.64.2\/fr\/index.php\/2014\/08\/12\/le-ministre-des-affaires-economiques-decore-le-representant-du-fmi\/"},"modified":"2022-07-04T05:55:32","modified_gmt":"2022-07-04T05:55:32","slug":"le-ministre-des-affaires-economiques-decore-le-representant-du-fmi","status":"publish","type":"post","link":"https:\/\/ami.mr\/fr\/archives\/39583","title":{"rendered":"Le ministre des Affaires \u00e9conomiques d\u00e9core le repr\u00e9sentant du FMI"},"content":{"rendered":"<p>Le ministre des Affaires \u00e9conomiques et du D\u00e9veloppement, M. Sidi Ould Tah a d\u00e9cor\u00e9 mardi, au nom du Pr\u00e9sident de la R\u00e9publique, M. Tijani Najehn repr\u00e9sentant r\u00e9sident du Fonds Mon\u00e9taire International (FMI) de la m\u00e9daille de commandeur de l&#8217;ordre du m\u00e9rite national.<\/p>\n<p>Le repr\u00e9sentant du FMI a exprim\u00e9, \u00e0 l&#8217;issue de cette d\u00e9coration, sa reconnaissance au Pr\u00e9sident de la R\u00e9publique pour cette d\u00e9coration qui couronne son parcours en Mauritanie, pays qui connait une stabilit\u00e9 \u00e9conomique.<\/p>\n<p>La c\u00e9r\u00e9monie s&#8217;est d\u00e9roul\u00e9e en pr\u00e9sence du ministre des Finances, M. Thiam Diombar, du Gouverneur de la Banque Centrale de Mauritanie, M. Sid&#8217;Ahmed Ould Ra\u00efss et du Secr\u00e9taire g\u00e9n\u00e9ral du minist\u00e8re des Affaires \u00e9conomiques et du D\u00e9veloppement, M. Ahmed Ould Di\u00e9.<\/p>\n","protected":false},"excerpt":{"rendered":"<p>Le ministre des Affaires \u00e9conomiques et du D\u00e9veloppement, M. Sidi Ould Tah a d\u00e9cor\u00e9 mardi, au nom du Pr\u00e9sident de la R\u00e9publique, M. Tijani Najehn repr\u00e9sentant r\u00e9sident du Fonds Mon\u00e9taire International (FMI) de la m\u00e9daille de commandeur de l&#8217;ordre du m\u00e9rit<\/p>\n","protected":false},"author":1,"featured_media":134418,"comment_status":"closed","ping_status":"closed","sticky":false,"template":"","format":"standard","meta":{"footnotes":""},"categories":[],"tags":[63990,62476,62753],"class_list":["post-39583","post","type-post","status-publish","format-standard","has-post-thumbnail","hentry","tag-activites-gouvernementales","tag-nouakchott","tag-rabani"],"_links":{"self":[{"href":"https:\/\/ami.mr\/fr\/wp-json\/wp\/v2\/posts\/39583","targetHints":{"allow":["GET"]}}],"collection":[{"href":"https:\/\/ami.mr\/fr\/wp-json\/wp\/v2\/posts"}],"about":[{"href":"https:\/\/ami.mr\/fr\/wp-json\/wp\/v2\/types\/post"}],"author":[{"embeddable":true,"href":"https:\/\/ami.mr\/fr\/wp-json\/wp\/v2\/users\/1"}],"replies":[{"embeddable":true,"href":"https:\/\/ami.mr\/fr\/wp-json\/wp\/v2\/comments?post=39583"}],"version-history":[{"count":1,"href":"https:\/\/ami.mr\/fr\/wp-json\/wp\/v2\/posts\/39583\/revisions"}],"predecessor-version":[{"id":134417,"href":"https:\/\/ami.mr\/fr\/wp-json\/wp\/v2\/posts\/39583\/revisions\/134417"}],"wp:featuredmedia":[{"embeddable":true,"href":"https:\/\/ami.mr\/fr\/wp-json\/wp\/v2\/media\/134418"}],"wp:attachment":[{"href":"https:\/\/ami.mr\/fr\/wp-json\/wp\/v2\/media?parent=39583"}],"wp:term":[{"taxonomy":"category","embeddable":true,"href":"https:\/\/ami.mr\/fr\/wp-json\/wp\/v2\/categories?post=39583"},{"taxonomy":"post_tag","embeddable":true,"href":"https:\/\/ami.mr\/fr\/wp-json\/wp\/v2\/tags?post=39583"}],"curies":[{"name":"wp","href":"https:\/\/api.w.org\/{rel}","templated":true}]}}