{"id":39581,"date":"2014-08-12T15:44:24","date_gmt":"2014-08-12T15:44:24","guid":{"rendered":"http:\/\/192.168.64.2\/fr\/index.php\/2014\/08\/12\/lancement-officiel-de-la-campagne-de-sensibilisation-sur-les-dangers-de-la-migration-illegale\/"},"modified":"2022-07-04T05:55:30","modified_gmt":"2022-07-04T05:55:30","slug":"lancement-officiel-de-la-campagne-de-sensibilisation-sur-les-dangers-de-la-migration-illegale","status":"publish","type":"post","link":"https:\/\/ami.mr\/fr\/archives\/39581","title":{"rendered":"Lancement officiel de la campagne de sensibilisation sur les dangers de la migration ill\u00e9gale"},"content":{"rendered":"<p>Le centre de promotion et de formation f\u00e9minine (CPFF) a abrit\u00e9 mardi la c\u00e9r\u00e9monie de lancement officiel de la campagne de sensibilisation sur &#8221; les dangers et risques de la migration ill\u00e9gale et le r\u00f4le de la jeunesse dans le d\u00e9veloppement &#8220;, organis\u00e9 par la coordination des ONGs mauritaniennes en migration et d\u00e9veloppement (COMMID) en collaboration avec l&#8217;Union Europ\u00e9enne et couvrant les moughataas de Tevragh-Zeina, Sebkha, El Mina, Arafat et Riyadh.<\/p>\n<p>Le coordinateur du programme de l&#8217;immigration au minist\u00e8re de l&#8217;int\u00e9rieur et de la d\u00e9centralisation M. Mohamed Abdallahi Ould Zeidane a indiqu\u00e9 dans son discours prononc\u00e9 \u00e0 cette occasion que cette initiative rev\u00eat une importance consid\u00e9rable, pr\u00e9cisant qu&#8217;elle b\u00e9n\u00e9ficie du soutien conjoint du programme, de l&#8217;Union Europ\u00e9enne et de certaines organisations internationales.<\/p>\n<p>Dans son allocution \u00e0 cette c\u00e9r\u00e9monie, le maire adjoint de la commune de Tevragh-Zeina, M. N&#8217;Gaid\u00e9 Hassinou, a indiqu\u00e9 que l&#8217;immigration clandestine est \u00e0 l&#8217;origine de pertes mat\u00e9rielles et humaines consid\u00e9rables, affirmant la disponibilit\u00e9 de la mairie \u00e0 s&#8217;impliquer fortement dans la campagne de sensibilisation organis\u00e9e sur ses dangers et risques.<\/p>\n<p>Dans son intervention, le coordinateur de la COMMID, M. Ibrahima Cheikh Bocoum, a indiqu\u00e9 qu&#8217;ils sont des centaines \u00e0 p\u00e9rir au large des c\u00f4tes africaines et europ\u00e9ennes dans des barques de fortune, morts asphyxi\u00e9s dans les camions des passeurs ou de faim et de soif dans le d\u00e9sert.<\/p>\n<p>&#8221; Si la migration ill\u00e9gale a occasionn\u00e9 des pertes \u00e9normes en vies humaines, elle n&#8217;a pas \u00e9t\u00e9 une source de r\u00e9ussite ou de soulagement pour ceux qui ont foul\u00e9 ce qu&#8217;ils croyaient \u00eatre un Eldorado europ\u00e9en &#8221; a-t-il dit. <\/p>\n<p>Et d&#8217;ajouter : &#8221; au niveau de la Mauritanie, il y a lieu de louer la courageuse d\u00e9cision du gouvernement d&#8217;adopter en 2010 une strat\u00e9gie nationale de gestion de la migration dont les principaux axes ne manqueront pas d&#8217;apporter des solutions &#8221; \u00e0 ce ph\u00e9nom\u00e8ne.<\/p>\n<p>Evoquant la campagne proprement dite, le pr\u00e9sident de la COMMID a soulign\u00e9 que consciente que la migration ill\u00e9gale est en probl\u00e8me humain n\u00e9cessitant une approche humaine, la COMMID, qui est une plateforme civile compos\u00e9e de centaines d&#8217;ONGs, oeuvrera de tous ses efforts en vue d&#8217;assurer une saine information et une sensibilisation accrue aux changements d&#8217;attitudes et de comportements notamment des jeunes sur les questions li\u00e9es \u00e0 la migration clandestine.<\/p>\n<p>Cette campagne &#8221; aura le m\u00e9rite, j&#8217;en suis enti\u00e8rement convaincu, de conscientiser les familles, les acteurs, les leaders religieux et notables, les chercheurs et les journalistes de l&#8217;imp\u00e9rieuse n\u00e9cessit\u00e9 de reconstruire les conceptions de r\u00e9ussite sur des bases saines et r\u00e9alistes \u00e0 m\u00eame d&#8217;assurer sans risque, un avenir radieux \u00e0 notre jeunesse \u00e0 travers un d\u00e9veloppement local, &#8221; a-t-il conclu.<\/p>\n<p>Le pr\u00e9sident de la mission de l&#8217;Union Europ\u00e9enne charg\u00e9 de la migration ill\u00e9gale M. Abdel Hamid El Joumri a lou\u00e9, quant \u00e0 lui, les efforts men\u00e9s par la COMMID notamment cette pr\u00e9sente campagne de sensibilisation sur les dangers et les risques du ph\u00e9nom\u00e8ne.<\/p>\n<p>De son c\u00f4t\u00e9, le directeur de la soci\u00e9t\u00e9 civile M. Mohamedhen Ould Horma a appel\u00e9 toutes les ONGs de la soci\u00e9t\u00e9 civile \u00e0 participer activement \u00e0 cette campagne de sensibilisation, louant l&#8217;attention accord\u00e9e par la plateforme des ONG \u00e0 ce ph\u00e9nom\u00e8ne.<\/p>\n<p>La Pr\u00e9sidente du comit\u00e9 de pilotage de la COMMID, Mme Oumou Kane, a indiqu\u00e9 dans son intervention que les risques et dangers associ\u00e9s \u00e0 l&#8217;immigration ill\u00e9gale sont multiples, citant l&#8217;ins\u00e9curit\u00e9, les r\u00e9seaux mafieux, le terrorisme, l&#8217;extr\u00e9misme, le naufrage en haute mer et la perte de vies humaines ainsi que le trafic des drogues, etc.<\/p>\n<p>Le programme de la campagne de sensibilisation sur les dangers et les risques de la migration ill\u00e9gale comporte par ailleurs l&#8217;organisation d&#8217;ateliers de sensibilisation sur le r\u00f4le de la jeunesse dans le d\u00e9veloppement organis\u00e9e dans les moughataas cibl\u00e9es avec la participation de 40 ONG et la pr\u00e9sentation de plusieurs communications faites par des experts sur le th\u00e8me. <\/p>\n<p>Il est pr\u00e9vu \u00e9galement l&#8217;organisation demain mercredi d&#8217;un grand m\u00e9ga-concert sur les dangers et les risques de la migration clandestine. Des pr\u00e9sentations folkloriques, des sketchs ainsi que des projections de films sur les conditions de vie des immigr\u00e9s en France et en Italie sont \u00e9galement inscrits au menu du programme de ce m\u00e9ga-concert.<\/p>\n","protected":false},"excerpt":{"rendered":"<p>Le centre de promotion et de formation f\u00e9minine (CPFF) a abrit\u00e9 mardi la c\u00e9r\u00e9monie de lancement officiel de la campagne de sensibilisation sur &#8221; les dangers et risques de la migra<\/p>\n","protected":false},"author":1,"featured_media":134416,"comment_status":"closed","ping_status":"closed","sticky":false,"template":"","format":"standard","meta":{"footnotes":""},"categories":[],"tags":[62476,62753,63996],"class_list":["post-39581","post","type-post","status-publish","format-standard","has-post-thumbnail","hentry","tag-nouakchott","tag-rabani","tag-societe"],"_links":{"self":[{"href":"https:\/\/ami.mr\/fr\/wp-json\/wp\/v2\/posts\/39581","targetHints":{"allow":["GET"]}}],"collection":[{"href":"https:\/\/ami.mr\/fr\/wp-json\/wp\/v2\/posts"}],"about":[{"href":"https:\/\/ami.mr\/fr\/wp-json\/wp\/v2\/types\/post"}],"author":[{"embeddable":true,"href":"https:\/\/ami.mr\/fr\/wp-json\/wp\/v2\/users\/1"}],"replies":[{"embeddable":true,"href":"https:\/\/ami.mr\/fr\/wp-json\/wp\/v2\/comments?post=39581"}],"version-history":[{"count":1,"href":"https:\/\/ami.mr\/fr\/wp-json\/wp\/v2\/posts\/39581\/revisions"}],"predecessor-version":[{"id":134415,"href":"https:\/\/ami.mr\/fr\/wp-json\/wp\/v2\/posts\/39581\/revisions\/134415"}],"wp:featuredmedia":[{"embeddable":true,"href":"https:\/\/ami.mr\/fr\/wp-json\/wp\/v2\/media\/134416"}],"wp:attachment":[{"href":"https:\/\/ami.mr\/fr\/wp-json\/wp\/v2\/media?parent=39581"}],"wp:term":[{"taxonomy":"category","embeddable":true,"href":"https:\/\/ami.mr\/fr\/wp-json\/wp\/v2\/categories?post=39581"},{"taxonomy":"post_tag","embeddable":true,"href":"https:\/\/ami.mr\/fr\/wp-json\/wp\/v2\/tags?post=39581"}],"curies":[{"name":"wp","href":"https:\/\/api.w.org\/{rel}","templated":true}]}}