{"id":3952,"date":"2007-11-08T08:40:00","date_gmt":"2007-11-08T08:40:00","guid":{"rendered":"http:\/\/192.168.64.2\/fr\/index.php\/2007\/11\/08\/le-president-de-la-republique-recoit-le-commissaire-general-de-lexpo-saragosse-2008\/"},"modified":"2022-07-03T22:43:58","modified_gmt":"2022-07-03T22:43:58","slug":"le-president-de-la-republique-recoit-le-commissaire-general-de-lexpo-saragosse-2008","status":"publish","type":"post","link":"https:\/\/ami.mr\/fr\/archives\/3952","title":{"rendered":"Le Pr\u00e9sident de la r\u00e9publique re\u00e7oit le commissaire g\u00e9n\u00e9ral de l&#8217;expo Saragosse 2008"},"content":{"rendered":"<p>Le Pr&eacute;sident de la r&eacute;publique Monsieur Sidi Mohamed Ould Cheikh Abdallahi, a re&ccedil;u en audience jeudi apr&egrave;s midi au Palais pr&eacute;sidentiel &agrave; Nouakchott, M. Emilio Fernandez-Castano commissaire g&eacute;n&eacute;ral de l&#8217;exposition Saragosse 2008, en visite actuellement dans notre pays. <\/p>\n<p>Le responsable espagnol a d&eacute;clar&eacute; &agrave; l&#8217;AMI que l&#8217;entretien qu&#8217;il a eu avec le pr&eacute;sident de la r&eacute;publique a port&eacute; sur la participation de la Mauritanie &agrave; l&#8217;exposition Saragosse 2008, qui a fait l&#8217;objet aujourd&#8217;hui d&#8217;une convention  sign&eacute;e avec le ministre du commerce et de l&#8217;industrie. <\/p>\n<p>Le commissaire a ajout&eacute; qu&#8217;il a profit&eacute; de cette occasion pour discuter avec le Chef de l&#8217;Etat sur cette participation qui se pr&eacute;sente dans le cadre d&#8217;un projet qui tourne autour de &quot;l&#8217;eau et le d&eacute;veloppement durable&quot; dans le contexte des oasis du d&eacute;sert. <\/p>\n<p>M. Fernandez Castano a saisi cette opportunit&eacute; pour adresser au Pr&eacute;sident de la r&eacute;publique une invitation pour assister &agrave; la journ&eacute;e de la Mauritanie &agrave; cette exposition. <\/p>\n<p>L&#8217;audience s&#8217;est d&eacute;roul&eacute;e en pr&eacute;sence du ministre du commerce et de l&#8217;industrie, M. Sid&#8217;Ahmed Ould Raiss, du conseiller principal &agrave; la pr&eacute;sidence de la r&eacute;publique, M. El Khalil Ould Enahoui, du conseiller porte parole de la pr&eacute;sidence de la r&eacute;publique M. Abdallahi Mamadou B&acirc;, du charg&eacute; de mission au minist&egrave;re du commerce et de l&#8217;industrie, du commissaire g&eacute;n&eacute;ral de la Mauritanie aupr&egrave;s de l&#8217;expo Saragosse 2008, M. Oumar Ould Abidine Sidi et de l&#8217;ambassadeur d&#8217;Espagne en Mauritanie M. Alejandro Polanco Matta.<\/p>\n","protected":false},"excerpt":{"rendered":"<p>Le Pr&eacute;sident de la r&eacute;publique Monsieur Sidi Mohamed Ould Cheikh Abdallahi, a re&ccedil;u en audience jeudi apr&egrave;s midi au Palais pr&eacute;sidentiel &agrave; Nouakchott, M. Emilio Fernandez-Castano<\/p>\n","protected":false},"author":1,"featured_media":0,"comment_status":"closed","ping_status":"closed","sticky":false,"template":"","format":"standard","meta":{"footnotes":""},"categories":[],"tags":[62475,62476,63993],"class_list":["post-3952","post","type-post","status-publish","format-standard","hentry","tag-elghaliya","tag-nouakchott","tag-politique"],"_links":{"self":[{"href":"https:\/\/ami.mr\/fr\/wp-json\/wp\/v2\/posts\/3952","targetHints":{"allow":["GET"]}}],"collection":[{"href":"https:\/\/ami.mr\/fr\/wp-json\/wp\/v2\/posts"}],"about":[{"href":"https:\/\/ami.mr\/fr\/wp-json\/wp\/v2\/types\/post"}],"author":[{"embeddable":true,"href":"https:\/\/ami.mr\/fr\/wp-json\/wp\/v2\/users\/1"}],"replies":[{"embeddable":true,"href":"https:\/\/ami.mr\/fr\/wp-json\/wp\/v2\/comments?post=3952"}],"version-history":[{"count":1,"href":"https:\/\/ami.mr\/fr\/wp-json\/wp\/v2\/posts\/3952\/revisions"}],"predecessor-version":[{"id":98591,"href":"https:\/\/ami.mr\/fr\/wp-json\/wp\/v2\/posts\/3952\/revisions\/98591"}],"wp:attachment":[{"href":"https:\/\/ami.mr\/fr\/wp-json\/wp\/v2\/media?parent=3952"}],"wp:term":[{"taxonomy":"category","embeddable":true,"href":"https:\/\/ami.mr\/fr\/wp-json\/wp\/v2\/categories?post=3952"},{"taxonomy":"post_tag","embeddable":true,"href":"https:\/\/ami.mr\/fr\/wp-json\/wp\/v2\/tags?post=3952"}],"curies":[{"name":"wp","href":"https:\/\/api.w.org\/{rel}","templated":true}]}}